{"id":15782,"date":"2013-11-20T13:47:33","date_gmt":"2013-11-20T13:47:33","guid":{"rendered":"https:\/\/portal.sma.gob.cl\/index.php\/2013\/11\/20\/sma-participa-en-capacitacion-de-profesores-de-arica-y-parinacota\/"},"modified":"2013-11-20T13:47:33","modified_gmt":"2013-11-20T13:47:33","slug":"sma-participa-en-capacitacion-de-profesores-de-arica-y-parinacota","status":"publish","type":"post","link":"https:\/\/portal.sma.gob.cl\/index.php\/sma-participa-en-capacitacion-de-profesores-de-arica-y-parinacota\/","title":{"rendered":"SMA participa en capacitaci\u00f3n de profesores de Arica y Parinacota"},"content":{"rendered":"<p style=\"text-align: justify;\"><strong><img decoding=\"async\" class=\"size-auto size-full wp-image-15781\" src=\"https:\/\/portal.sma.gob.cl\/wp-content\/uploads\/2013\/11\/20-11x760.jpg\" alt=\"20-11x760\" width=\"760\" height=\"300\" srcset=\"https:\/\/portal.sma.gob.cl\/wp-content\/uploads\/2013\/11\/20-11x760-200x79.jpg 200w, https:\/\/portal.sma.gob.cl\/wp-content\/uploads\/2013\/11\/20-11x760-300x118.jpg 300w, https:\/\/portal.sma.gob.cl\/wp-content\/uploads\/2013\/11\/20-11x760-400x158.jpg 400w, https:\/\/portal.sma.gob.cl\/wp-content\/uploads\/2013\/11\/20-11x760-600x237.jpg 600w, https:\/\/portal.sma.gob.cl\/wp-content\/uploads\/2013\/11\/20-11x760.jpg 760w\" sizes=\"(max-width: 760px) 100vw, 760px\" \/><\/strong><\/p>\n<p style=\"text-align: justify;\"><strong>Mar\u00eda Isabel Reinoso, jefa de la Macro Zona Norte, expuso en la jornada \u201cEducaci\u00f3n chilena sobre la institucionalidad ambiental\u201d, a la que asistieron m\u00e1s de 50 docentes.<\/strong><\/p>\n<p>  <!--more-->  <\/p>\n<p style=\"text-align: justify;\"><strong>Arica, 19 de noviembre.<\/strong> Con el objetivo de difundir los alcances de la actual institucionalidad ambiental, m\u00e1s de 50 profesores de una quincena de establecimientos municipales de la regi\u00f3n de Arica y Parinacota, participaron en la actividad \u201cEducaci\u00f3n chilena sobre la institucionalidad y procesos de evaluaci\u00f3n ambiental\u201d, organizada por la Seremi de Medio Ambiente de la regi\u00f3n, charla en la que tambi\u00e9n particip\u00f3 Mar\u00eda Isabel Reinoso Grau, Jefa de la Macrozona Norte de la Superintendencia del Medio Ambiente (SMA).<\/p>\n<p style=\"text-align: justify;\">La apertura estuvo a cargo del Intendente, Jos\u00e9 Durana Semir, quien expres\u00f3 que \u201cel desarrollo de Chile y de nuestra regi\u00f3n pasa por tener pleno conocimiento de los temas ambientales. Nosotros hemos generado una fuerte inversi\u00f3n p\u00fablica asociada a los ejes de progreso que permite que Arica y Parinacota tenga niveles de crecimiento importantes, pero en general, cada proyecto lleva asociado una materia ambiental, que debe ser prioritaria para el progreso sustentable del territorio\u201d, dijo.<\/p>\n<p style=\"text-align: justify;\">Por su parte, el seremi del Medio Ambiente, Marcelo Ca\u00f1ipa, destac\u00f3 que \u201cla educaci\u00f3n ambiental es un instrumento de gesti\u00f3n cuyo prop\u00f3sito es fomentar en la ciudadan\u00eda el desarrollo sustentable, generando conciencia y cambios conductuales proclives hacia la convivencia arm\u00f3nica entre el progreso social, crecimiento econ\u00f3mico y ciudadano del medio ambiente, acercando los temas ambientales a la poblaci\u00f3n, dise\u00f1ando y ejecutando actividades con los gobiernos y comunidades locales, y estimulando la adecuada y oportuna participaci\u00f3n ciudadana\u201d.<\/p>\n<p style=\"text-align: justify;\">Mar\u00eda Isabel Reinoso, explic\u00f3 el marco legal de la Superintendencia del Medio Ambiente, as\u00ed como los procedimientos sancionatorios en materia ambiental, adem\u00e1s expres\u00f3 que \u201cla nueva institucionalidad ha logrado grandes avances al separar las principales funciones de regulaci\u00f3n, evaluaci\u00f3n y fiscalizaci\u00f3n, siendo indispensable el rol de los educadores en cu\u00e1nto conocer y difundir el correcto funcionamiento de aqu\u00e9lla\u201d.<\/p>\n<p style=\"text-align: justify;\">En la actividad tambi\u00e9n expuso el Director (S) de la Direcci\u00f3n Regional del Servicio de Evaluaci\u00f3n Ambiental (SEA), con temas de participaci\u00f3n ciudadana y procesos de evaluaci\u00f3n ambiental.<\/p>\n","protected":false},"excerpt":{"rendered":"<p>Mar\u00eda Isabel Reinoso, jefa de la Macro Zona Norte, expuso en la jornada \u201cEducaci\u00f3n chilena sobre la institucionalidad ambiental\u201d, a la que asistieron m\u00e1s de 50 docentes.<\/p>\n","protected":false},"author":3,"featured_media":15781,"comment_status":"open","ping_status":"open","sticky":false,"template":"","format":"standard","meta":{"footnotes":""},"categories":[94],"tags":[],"class_list":["post-15782","post","type-post","status-publish","format-standard","has-post-thumbnail","hentry","category-notas-noticias"],"_links":{"self":[{"href":"https:\/\/portal.sma.gob.cl\/index.php\/wp-json\/wp\/v2\/posts\/15782","targetHints":{"allow":["GET"]}}],"collection":[{"href":"https:\/\/portal.sma.gob.cl\/index.php\/wp-json\/wp\/v2\/posts"}],"about":[{"href":"https:\/\/portal.sma.gob.cl\/index.php\/wp-json\/wp\/v2\/types\/post"}],"author":[{"embeddable":true,"href":"https:\/\/portal.sma.gob.cl\/index.php\/wp-json\/wp\/v2\/users\/3"}],"replies":[{"embeddable":true,"href":"https:\/\/portal.sma.gob.cl\/index.php\/wp-json\/wp\/v2\/comments?post=15782"}],"version-history":[{"count":0,"href":"https:\/\/portal.sma.gob.cl\/index.php\/wp-json\/wp\/v2\/posts\/15782\/revisions"}],"wp:featuredmedia":[{"embeddable":true,"href":"https:\/\/portal.sma.gob.cl\/index.php\/wp-json\/wp\/v2\/media\/15781"}],"wp:attachment":[{"href":"https:\/\/portal.sma.gob.cl\/index.php\/wp-json\/wp\/v2\/media?parent=15782"}],"wp:term":[{"taxonomy":"category","embeddable":true,"href":"https:\/\/portal.sma.gob.cl\/index.php\/wp-json\/wp\/v2\/categories?post=15782"},{"taxonomy":"post_tag","embeddable":true,"href":"https:\/\/portal.sma.gob.cl\/index.php\/wp-json\/wp\/v2\/tags?post=15782"}],"curies":[{"name":"wp","href":"https:\/\/api.w.org\/{rel}","templated":true}]}}