{"id":15784,"date":"2013-11-28T13:36:17","date_gmt":"2013-11-28T13:36:17","guid":{"rendered":"https:\/\/portal.sma.gob.cl\/index.php\/2013\/11\/28\/sma-explica-su-rol-fiscalizador-ante-empresas-de-la-v-region\/"},"modified":"2013-11-28T13:36:17","modified_gmt":"2013-11-28T13:36:17","slug":"sma-explica-su-rol-fiscalizador-ante-empresas-de-la-v-region","status":"publish","type":"post","link":"https:\/\/portal.sma.gob.cl\/index.php\/sma-explica-su-rol-fiscalizador-ante-empresas-de-la-v-region\/","title":{"rendered":"SMA explica su rol fiscalizador ante empresas de la V Regi\u00f3n"},"content":{"rendered":"<p style=\"text-align: justify;\"><strong><img decoding=\"async\" class=\"size-auto size-full wp-image-15783\" src=\"https:\/\/portal.sma.gob.cl\/wp-content\/uploads\/2013\/11\/28-11x760.jpg\" alt=\"28-11x760\" width=\"760\" height=\"300\" srcset=\"https:\/\/portal.sma.gob.cl\/wp-content\/uploads\/2013\/11\/28-11x760-200x79.jpg 200w, https:\/\/portal.sma.gob.cl\/wp-content\/uploads\/2013\/11\/28-11x760-300x118.jpg 300w, https:\/\/portal.sma.gob.cl\/wp-content\/uploads\/2013\/11\/28-11x760-400x158.jpg 400w, https:\/\/portal.sma.gob.cl\/wp-content\/uploads\/2013\/11\/28-11x760-600x237.jpg 600w, https:\/\/portal.sma.gob.cl\/wp-content\/uploads\/2013\/11\/28-11x760.jpg 760w\" sizes=\"(max-width: 760px) 100vw, 760px\" \/><\/strong><\/p>\n<p style=\"text-align: justify;\">&nbsp;<\/p>\n<p style=\"text-align: justify;\"><strong>El Superintendente del Medio Ambiente, Juan Carlos Monckeberg, particip\u00f3 en el seminario \u201cLa Nueva Institucionalidad Ambiental: An\u00e1lisis de su actual funcionamiento\u201d, organizado por la Asociaci\u00f3n de Empresas de la V Regi\u00f3n, ASIVA.<\/strong><\/p>\n<p>  <!--more-->  <\/p>\n<p style=\"text-align: justify;\"><strong>Vi\u00f1a del Mar, 27 de noviembre de 2013.<\/strong> El Superintendente del Medio Ambiente, Juan Carlos Monckeberg, particip\u00f3 en el seminario \u201cLa Nueva Institucionalidad Ambiental: An\u00e1lisis de su actual funcionamiento\u201d, organizado por la Asociaci\u00f3n de Empresas de la V Regi\u00f3n, ASIVA. El evento se realiz\u00f3 en el Auditorio del Business Center del Edificio de las Empresas Reitz y tambi\u00e9n cont\u00f3 con las presentaciones de Cecilia Urbina y Mario Galindo, de VGC Abogados.<\/p>\n<p style=\"text-align: justify;\">Monckeberg explic\u00f3 que desde el 28 de diciembre de 2012 la Superintendencia de Medio Ambiente (SMA) tiene la facultad de fiscalizar el desempe\u00f1o ambiental de las empresas en nuestro pa\u00eds. Son funciones de la SMA ejecutar, organizar y coordinar el seguimiento y fiscalizaci\u00f3n de las Resoluciones de Calificaci\u00f3n Ambiental (RCA), de las medidas de los Planes de Prevenci\u00f3n y\/o de Descontaminaci\u00f3n Ambiental, del contenido de las Normas de Calidad Ambiental y Normas de Emisi\u00f3n, y de todos aquellos otros instrumentos de este car\u00e1cter que establezca la Ley.<\/p>\n<p style=\"text-align: justify;\">\u201cNosotros creemos que el est\u00e1ndar de la fiscalizaci\u00f3n ha mejorado much\u00edsimo con la Superintendencia, ya que hemos rescatado lo mejor de la experiencia hist\u00f3rica que ten\u00eda el Estado de Chile al fiscalizar a trav\u00e9s de los distintos servicios p\u00fablicos. Hoy con la Superintendencia esto toma un nuevo impulso, ya que hay una instituci\u00f3n que se dedica de forma exclusiva a la fiscalizaci\u00f3n, seguimiento y eventual sanci\u00f3n de los incumplimientos\u201d, expres\u00f3 el Superintendente.<\/p>\n","protected":false},"excerpt":{"rendered":"<p>&nbsp; El Superintendente del Medio Ambiente, Juan Carlos Monckeberg, particip\u00f3 en el seminario \u201cLa Nueva Institucionalidad Ambiental: An\u00e1lisis de su actual funcionamiento\u201d, organizado por la Asociaci\u00f3n de Empresas de la V Regi\u00f3n, ASIVA.<\/p>\n","protected":false},"author":3,"featured_media":15783,"comment_status":"open","ping_status":"open","sticky":false,"template":"","format":"standard","meta":{"footnotes":""},"categories":[94],"tags":[],"class_list":["post-15784","post","type-post","status-publish","format-standard","has-post-thumbnail","hentry","category-notas-noticias"],"_links":{"self":[{"href":"https:\/\/portal.sma.gob.cl\/index.php\/wp-json\/wp\/v2\/posts\/15784","targetHints":{"allow":["GET"]}}],"collection":[{"href":"https:\/\/portal.sma.gob.cl\/index.php\/wp-json\/wp\/v2\/posts"}],"about":[{"href":"https:\/\/portal.sma.gob.cl\/index.php\/wp-json\/wp\/v2\/types\/post"}],"author":[{"embeddable":true,"href":"https:\/\/portal.sma.gob.cl\/index.php\/wp-json\/wp\/v2\/users\/3"}],"replies":[{"embeddable":true,"href":"https:\/\/portal.sma.gob.cl\/index.php\/wp-json\/wp\/v2\/comments?post=15784"}],"version-history":[{"count":0,"href":"https:\/\/portal.sma.gob.cl\/index.php\/wp-json\/wp\/v2\/posts\/15784\/revisions"}],"wp:featuredmedia":[{"embeddable":true,"href":"https:\/\/portal.sma.gob.cl\/index.php\/wp-json\/wp\/v2\/media\/15783"}],"wp:attachment":[{"href":"https:\/\/portal.sma.gob.cl\/index.php\/wp-json\/wp\/v2\/media?parent=15784"}],"wp:term":[{"taxonomy":"category","embeddable":true,"href":"https:\/\/portal.sma.gob.cl\/index.php\/wp-json\/wp\/v2\/categories?post=15784"},{"taxonomy":"post_tag","embeddable":true,"href":"https:\/\/portal.sma.gob.cl\/index.php\/wp-json\/wp\/v2\/tags?post=15784"}],"curies":[{"name":"wp","href":"https:\/\/api.w.org\/{rel}","templated":true}]}}