{"id":15792,"date":"2013-12-06T20:02:38","date_gmt":"2013-12-06T20:02:38","guid":{"rendered":"https:\/\/portal.sma.gob.cl\/index.php\/2013\/12\/06\/consejo-de-la-sociedad-civil-sesiona-en-diciembre\/"},"modified":"2013-12-06T20:02:38","modified_gmt":"2013-12-06T20:02:38","slug":"consejo-de-la-sociedad-civil-sesiona-en-diciembre","status":"publish","type":"post","link":"https:\/\/portal.sma.gob.cl\/index.php\/consejo-de-la-sociedad-civil-sesiona-en-diciembre\/","title":{"rendered":"Consejo de la Sociedad Civil sesiona en diciembre"},"content":{"rendered":"<p><strong><img decoding=\"async\" class=\"size-auto size-full wp-image-15790\" src=\"https:\/\/portal.sma.gob.cl\/wp-content\/uploads\/2013\/12\/6-12x760.jpg\" alt=\"6-12x760\" width=\"760\" height=\"300\" srcset=\"https:\/\/portal.sma.gob.cl\/wp-content\/uploads\/2013\/12\/6-12x760-200x79.jpg 200w, https:\/\/portal.sma.gob.cl\/wp-content\/uploads\/2013\/12\/6-12x760-300x118.jpg 300w, https:\/\/portal.sma.gob.cl\/wp-content\/uploads\/2013\/12\/6-12x760-400x158.jpg 400w, https:\/\/portal.sma.gob.cl\/wp-content\/uploads\/2013\/12\/6-12x760-600x237.jpg 600w, https:\/\/portal.sma.gob.cl\/wp-content\/uploads\/2013\/12\/6-12x760.jpg 760w\" sizes=\"(max-width: 760px) 100vw, 760px\" \/><\/strong><\/p>\n<p><strong>En la \u00faltima sesi\u00f3n correspondiente a 2013, los representantes de la sociedad civil conocieron el funcionamiento del sistema territorial NEPASSIST.<\/strong><\/p>\n<p>  <!--more-->  <\/p>\n<p><strong>Santiago, 6 de diciembre 2013<\/strong>. En el marco de la Ley 20.500, Sobre Asociaciones y Participaci\u00f3n Ciudadana en la Gesti\u00f3n P\u00fablica, la Superintendencia del Medio Ambiente (SMA) cit\u00f3 al Consejo de la Sociedad Civil para realizar la sesi\u00f3n correspondiente al mes de diciembre.<\/p>\n<p>En la oportunidad, los integrantes de la instancia conocieron el nuevo reglamento para el Consejo (<a class=\"doclink\" href=\"index.php?option=com_docman&amp;task=doc_download&amp;gid=183&amp;Itemid=280\"><img decoding=\"async\" class=\" size-full wp-image-15791\" src=\"https:\/\/portal.sma.gob.cl\/wp-content\/uploads\/2013\/12\/generic.png\" alt=\"icon\" border=\"0\" width=\"16\" height=\"16\" \/>&nbsp;Resoluci\u00f3n 1360\/2013<\/a>) y tambi\u00e9n pudieron conocer el funcionamiento del sistema territorial <a href=\"http:\/\/gis.sma.gob.cl\/NEPA\/login.aspx\">NEPASISST<\/a>, el cual est\u00e1 a cargo de la Divisi\u00f3n de Desarrollo Estrat\u00e9gico y Estudios de la SMA, liderada por Nelson Saieg.<\/p>\n<p>El Consejo, presidido por la acad\u00e9mica Dominique Herv\u00e9, en esta oportunidad estuvo integrado por Ricardo Barra, Ana Mar\u00eda Mu\u00f1oz, Nolberto D\u00edaz, Joaqu\u00edn Trujillo y Pablo Valenzuela. Dicha instancia, tiene un car\u00e1cter consultivo, representativo, plural y diverso.<\/p>\n","protected":false},"excerpt":{"rendered":"<p>En la \u00faltima sesi\u00f3n correspondiente a 2013, los representantes de la sociedad civil conocieron el funcionamiento del sistema territorial NEPASSIST.<\/p>\n","protected":false},"author":3,"featured_media":15790,"comment_status":"open","ping_status":"open","sticky":false,"template":"","format":"standard","meta":{"footnotes":""},"categories":[94],"tags":[],"class_list":["post-15792","post","type-post","status-publish","format-standard","has-post-thumbnail","hentry","category-notas-noticias"],"_links":{"self":[{"href":"https:\/\/portal.sma.gob.cl\/index.php\/wp-json\/wp\/v2\/posts\/15792","targetHints":{"allow":["GET"]}}],"collection":[{"href":"https:\/\/portal.sma.gob.cl\/index.php\/wp-json\/wp\/v2\/posts"}],"about":[{"href":"https:\/\/portal.sma.gob.cl\/index.php\/wp-json\/wp\/v2\/types\/post"}],"author":[{"embeddable":true,"href":"https:\/\/portal.sma.gob.cl\/index.php\/wp-json\/wp\/v2\/users\/3"}],"replies":[{"embeddable":true,"href":"https:\/\/portal.sma.gob.cl\/index.php\/wp-json\/wp\/v2\/comments?post=15792"}],"version-history":[{"count":0,"href":"https:\/\/portal.sma.gob.cl\/index.php\/wp-json\/wp\/v2\/posts\/15792\/revisions"}],"wp:featuredmedia":[{"embeddable":true,"href":"https:\/\/portal.sma.gob.cl\/index.php\/wp-json\/wp\/v2\/media\/15790"}],"wp:attachment":[{"href":"https:\/\/portal.sma.gob.cl\/index.php\/wp-json\/wp\/v2\/media?parent=15792"}],"wp:term":[{"taxonomy":"category","embeddable":true,"href":"https:\/\/portal.sma.gob.cl\/index.php\/wp-json\/wp\/v2\/categories?post=15792"},{"taxonomy":"post_tag","embeddable":true,"href":"https:\/\/portal.sma.gob.cl\/index.php\/wp-json\/wp\/v2\/tags?post=15792"}],"curies":[{"name":"wp","href":"https:\/\/api.w.org\/{rel}","templated":true}]}}