{"id":15796,"date":"2013-12-11T19:32:12","date_gmt":"2013-12-11T19:32:12","guid":{"rendered":"https:\/\/portal.sma.gob.cl\/index.php\/2013\/12\/11\/encuentro-de-fiscalizadores-en-la-sma\/"},"modified":"2013-12-11T19:32:12","modified_gmt":"2013-12-11T19:32:12","slug":"encuentro-de-fiscalizadores-en-la-sma","status":"publish","type":"post","link":"https:\/\/portal.sma.gob.cl\/index.php\/encuentro-de-fiscalizadores-en-la-sma\/","title":{"rendered":"Encuentro de fiscalizadores en la SMA"},"content":{"rendered":"<p><strong><img decoding=\"async\" class=\"size-auto size-full wp-image-15795\" src=\"https:\/\/portal.sma.gob.cl\/wp-content\/uploads\/2013\/12\/11a-12x760.jpg\" alt=\"11a-12x760\" width=\"760\" height=\"300\" srcset=\"https:\/\/portal.sma.gob.cl\/wp-content\/uploads\/2013\/12\/11a-12x760-200x79.jpg 200w, https:\/\/portal.sma.gob.cl\/wp-content\/uploads\/2013\/12\/11a-12x760-300x118.jpg 300w, https:\/\/portal.sma.gob.cl\/wp-content\/uploads\/2013\/12\/11a-12x760-400x158.jpg 400w, https:\/\/portal.sma.gob.cl\/wp-content\/uploads\/2013\/12\/11a-12x760-600x237.jpg 600w, https:\/\/portal.sma.gob.cl\/wp-content\/uploads\/2013\/12\/11a-12x760.jpg 760w\" sizes=\"(max-width: 760px) 100vw, 760px\" \/><\/strong><\/p>\n<p><strong>Entre el 9 y el 13 de diciembre los profesionales encargados de la fiscalizaci\u00f3n de la SMA se dan cita en las oficinas centrales de la Superintendencia para analizar los resultados logrados en 2013 y planificar la fiscalizaci\u00f3n de 2014.<\/strong><\/p>\n<p>  <!--more-->  <\/p>\n<p style=\"text-align: justify;\"><strong>Santiago, 11 de diciembre de 2013.<\/strong> Esta semana se dieron cita en la Superintendencia del Medio Ambiente (SMA) los jefes macrozonales, fiscalizadores regionales e integrantes de la Divisi\u00f3n de Fiscalizaci\u00f3n encabezada por Kay Bergamini, para el Encuentro de Fiscalizadores.<\/p>\n<p style=\"text-align: justify;\">En la instancia los profesionales de fiscalizaci\u00f3n de la SMA a nivel nacional participan en talleres, capacitaciones y charlas especializadas.&nbsp;La reuni\u00f3n permite revisar los procesos que ha llevado a cabo la Superintendencia durante 2013, como por ejemplo, las Inspecciones Ambientales y la elaboraci\u00f3n de Informes T\u00e9cnicos, as\u00ed como tambi\u00e9n la revisi\u00f3n de Actividades de Seguimiento y otros instrumentos que son parte de las facultades fiscalizadoras de la SMA. A la vez, en la cita se planificar\u00e1 el trabajo para el a\u00f1o 2014.<\/p>\n<p style=\"text-align: justify;\">Durante la semana tambi\u00e9n se realizar\u00e1n capacitaciones pr\u00e1cticas para la calibraci\u00f3n de olfato, uso de sondas de hidrocarburos y la toma de muestras biol\u00f3gicas por parte de los fiscalizadores. Tambi\u00e9n profesionales de las \u00e1reas de Estudios, Sanci\u00f3n y Tecnolog\u00edas de la Informaci\u00f3n ofrecieron charlas sobre el funcionamiento del uso de herramientas tecnol\u00f3gicas de la SMA, as\u00ed como tambi\u00e9n, se explicaron los procedimientos administrativos sancionatorios.<\/p>\n<p style=\"text-align: justify;\">Adicionalmente el Servicio de Evaluaci\u00f3n Ambiental capacitar\u00e1 a los funcionarios en el nuevo reglamento del Sistema de Evaluaci\u00f3n de Impacto Ambiental (SEIA) orientado a identificar los cambios existente en materia de requerimientos de ingreso de proyectos que eluden dicho Sistema.<\/p>\n<p style=\"text-align: justify;\">\u201cEstas jornadas nos sirven como equipo para mejorar nuestros procedimientos y est\u00e1ndares. Sin duda, este primer a\u00f1o con plenas facultades de fiscalizaci\u00f3n en la Superintendencia nos ha implicado un gran trabajo coordinaci\u00f3n y planificaci\u00f3n. Con lo aprendido en 2013 vamos a ir mejorando las pr\u00e1cticas para el pr\u00f3ximo a\u00f1o\u201d, sintetiz\u00f3 Kay Bergamini.<\/p>\n","protected":false},"excerpt":{"rendered":"<p>Entre el 9 y el 13 de diciembre los profesionales encargados de la fiscalizaci\u00f3n de la SMA se dan cita en las oficinas centrales de la Superintendencia para analizar los resultados logrados en 2013 y planificar la fiscalizaci\u00f3n de 2014.<\/p>\n","protected":false},"author":3,"featured_media":15795,"comment_status":"open","ping_status":"open","sticky":false,"template":"","format":"standard","meta":{"footnotes":""},"categories":[94],"tags":[],"class_list":["post-15796","post","type-post","status-publish","format-standard","has-post-thumbnail","hentry","category-notas-noticias"],"_links":{"self":[{"href":"https:\/\/portal.sma.gob.cl\/index.php\/wp-json\/wp\/v2\/posts\/15796","targetHints":{"allow":["GET"]}}],"collection":[{"href":"https:\/\/portal.sma.gob.cl\/index.php\/wp-json\/wp\/v2\/posts"}],"about":[{"href":"https:\/\/portal.sma.gob.cl\/index.php\/wp-json\/wp\/v2\/types\/post"}],"author":[{"embeddable":true,"href":"https:\/\/portal.sma.gob.cl\/index.php\/wp-json\/wp\/v2\/users\/3"}],"replies":[{"embeddable":true,"href":"https:\/\/portal.sma.gob.cl\/index.php\/wp-json\/wp\/v2\/comments?post=15796"}],"version-history":[{"count":0,"href":"https:\/\/portal.sma.gob.cl\/index.php\/wp-json\/wp\/v2\/posts\/15796\/revisions"}],"wp:featuredmedia":[{"embeddable":true,"href":"https:\/\/portal.sma.gob.cl\/index.php\/wp-json\/wp\/v2\/media\/15795"}],"wp:attachment":[{"href":"https:\/\/portal.sma.gob.cl\/index.php\/wp-json\/wp\/v2\/media?parent=15796"}],"wp:term":[{"taxonomy":"category","embeddable":true,"href":"https:\/\/portal.sma.gob.cl\/index.php\/wp-json\/wp\/v2\/categories?post=15796"},{"taxonomy":"post_tag","embeddable":true,"href":"https:\/\/portal.sma.gob.cl\/index.php\/wp-json\/wp\/v2\/tags?post=15796"}],"curies":[{"name":"wp","href":"https:\/\/api.w.org\/{rel}","templated":true}]}}