{"id":15800,"date":"2013-12-17T19:38:23","date_gmt":"2013-12-17T19:38:23","guid":{"rendered":"https:\/\/portal.sma.gob.cl\/index.php\/2013\/12\/17\/sma-participa-en-seminario-en-iquique\/"},"modified":"2013-12-17T19:38:23","modified_gmt":"2013-12-17T19:38:23","slug":"sma-participa-en-seminario-en-iquique","status":"publish","type":"post","link":"https:\/\/portal.sma.gob.cl\/index.php\/sma-participa-en-seminario-en-iquique\/","title":{"rendered":"SMA participa en seminario en Iquique"},"content":{"rendered":"<p style=\"text-align: justify;\"><strong><img decoding=\"async\" class=\"size-auto size-full wp-image-15799\" src=\"https:\/\/portal.sma.gob.cl\/wp-content\/uploads\/2013\/12\/17-12x760.jpg\" alt=\"17-12x760\" width=\"760\" height=\"300\" srcset=\"https:\/\/portal.sma.gob.cl\/wp-content\/uploads\/2013\/12\/17-12x760-200x79.jpg 200w, https:\/\/portal.sma.gob.cl\/wp-content\/uploads\/2013\/12\/17-12x760-300x118.jpg 300w, https:\/\/portal.sma.gob.cl\/wp-content\/uploads\/2013\/12\/17-12x760-400x158.jpg 400w, https:\/\/portal.sma.gob.cl\/wp-content\/uploads\/2013\/12\/17-12x760-600x237.jpg 600w, https:\/\/portal.sma.gob.cl\/wp-content\/uploads\/2013\/12\/17-12x760.jpg 760w\" sizes=\"(max-width: 760px) 100vw, 760px\" \/><\/strong><\/p>\n<p style=\"text-align: justify;\"><strong>El encuentro, \u201cRegulaci\u00f3n Medio Ambiental; Desaf\u00edos para el 2014&#8243;, organizado por la Universidad Santo Tom\u00e1s en Iquique, examin\u00f3 la nueva normativa ambiental dirigida a empresas de la regi\u00f3n.<\/strong><\/p>\n<p>  <!--more-->  <\/p>\n<p style=\"text-align: justify;\">Iquique, 13 de diciembre de 2013. La jefa de la Secci\u00f3n de An\u00e1lisis Jur\u00eddico de la Superintendencia del Medio Ambiente, Paloma Infante, particip\u00f3 en el seminario &#8220;Regulaci\u00f3n Medio Ambiental; Desaf\u00edos para el 2014&#8221;, organizado por la Universidad Santo Tom\u00e1s Iquique. El encuentro ten\u00eda como objetivo comunicar a las nuevas normas ambientales, a abogados, jueces y representantes de empresas de la regi\u00f3n, en el marco de la Nueva Institucionalidad ambiental.<\/p>\n<p style=\"text-align: justify;\">El seminario, realizado en el sal\u00f3n Esmeralda de dicha casa de estudios, comenz\u00f3 a las 9:00 horas y cont\u00f3 con la presencia de tres expositores: Ximena Cancino, directora del Servicio de Evaluaci\u00f3n Ambiental Tarapac\u00e1, quien explic\u00f3 el \u201cNuevo Reglamento del SEIA\u201d; Pablo Ortiz, socio del estudio Vergara, Galindo &amp; Correa, quien debati\u00f3 sobre \u201cla actual jurisprudencia del Tribunal Ambiental\u201d; y finalmente Paloma Infante, jefa de la secci\u00f3n jur\u00eddica, Unidad de Instrucci\u00f3n de Procedimientos Sancionatorios de la SMA, quien realiz\u00f3 un resumen de las \u201cFacultades de la Superintendencia del Medio Ambiente; Experiencias a la fecha&#8221;.<\/p>\n<p style=\"text-align: justify;\">Respecto a su exposici\u00f3n, Paloma Infante, indic\u00f3 que &#8220;de forma interactiva, se explic\u00f3 a los representantes de las empresas sobre las facultades de la SMA, con el fin de que la informaci\u00f3n fuera replicada en el resto de la empresa de manera clara. Agradecemos a la Universidad Santo Tom\u00e1s la invitaci\u00f3n, pues siempre es importante para la SMA incentivar el cumplimiento de la normativa ambiental entregando asistencia e informaci\u00f3n a los regulados&#8221;.<\/p>\n","protected":false},"excerpt":{"rendered":"<p>El encuentro, \u201cRegulaci\u00f3n Medio Ambiental; Desaf\u00edos para el 2014&#8243;, organizado por la Universidad Santo Tom\u00e1s en Iquique, examin\u00f3 la nueva normativa ambiental dirigida a empresas de la regi\u00f3n.<\/p>\n","protected":false},"author":3,"featured_media":15799,"comment_status":"open","ping_status":"open","sticky":false,"template":"","format":"standard","meta":{"footnotes":""},"categories":[94],"tags":[],"class_list":["post-15800","post","type-post","status-publish","format-standard","has-post-thumbnail","hentry","category-notas-noticias"],"_links":{"self":[{"href":"https:\/\/portal.sma.gob.cl\/index.php\/wp-json\/wp\/v2\/posts\/15800","targetHints":{"allow":["GET"]}}],"collection":[{"href":"https:\/\/portal.sma.gob.cl\/index.php\/wp-json\/wp\/v2\/posts"}],"about":[{"href":"https:\/\/portal.sma.gob.cl\/index.php\/wp-json\/wp\/v2\/types\/post"}],"author":[{"embeddable":true,"href":"https:\/\/portal.sma.gob.cl\/index.php\/wp-json\/wp\/v2\/users\/3"}],"replies":[{"embeddable":true,"href":"https:\/\/portal.sma.gob.cl\/index.php\/wp-json\/wp\/v2\/comments?post=15800"}],"version-history":[{"count":0,"href":"https:\/\/portal.sma.gob.cl\/index.php\/wp-json\/wp\/v2\/posts\/15800\/revisions"}],"wp:featuredmedia":[{"embeddable":true,"href":"https:\/\/portal.sma.gob.cl\/index.php\/wp-json\/wp\/v2\/media\/15799"}],"wp:attachment":[{"href":"https:\/\/portal.sma.gob.cl\/index.php\/wp-json\/wp\/v2\/media?parent=15800"}],"wp:term":[{"taxonomy":"category","embeddable":true,"href":"https:\/\/portal.sma.gob.cl\/index.php\/wp-json\/wp\/v2\/categories?post=15800"},{"taxonomy":"post_tag","embeddable":true,"href":"https:\/\/portal.sma.gob.cl\/index.php\/wp-json\/wp\/v2\/tags?post=15800"}],"curies":[{"name":"wp","href":"https:\/\/api.w.org\/{rel}","templated":true}]}}