{"id":15802,"date":"2013-12-18T18:20:28","date_gmt":"2013-12-18T18:20:28","guid":{"rendered":"https:\/\/portal.sma.gob.cl\/index.php\/2013\/12\/18\/sma-pide-autorizacion-para-clausurar-actividades-de-codelco-ventanas-al-tribunal-ambiental\/"},"modified":"2013-12-18T18:20:28","modified_gmt":"2013-12-18T18:20:28","slug":"sma-pide-autorizacion-para-clausurar-actividades-de-codelco-ventanas-al-tribunal-ambiental","status":"publish","type":"post","link":"https:\/\/portal.sma.gob.cl\/index.php\/sma-pide-autorizacion-para-clausurar-actividades-de-codelco-ventanas-al-tribunal-ambiental\/","title":{"rendered":"SMA pide autorizaci\u00f3n al Tribunal Ambiental para clausurar obras de la Divisi\u00f3n Codelco Ventanas"},"content":{"rendered":"<p style=\"margin-bottom: 0.0001pt; text-align: justify;\"><strong><img decoding=\"async\" class=\"size-auto size-full wp-image-15801\" src=\"https:\/\/portal.sma.gob.cl\/wp-content\/uploads\/2013\/12\/18-12x760.jpg\" alt=\"18-12x760\" width=\"760\" height=\"300\" srcset=\"https:\/\/portal.sma.gob.cl\/wp-content\/uploads\/2013\/12\/18-12x760-200x79.jpg 200w, https:\/\/portal.sma.gob.cl\/wp-content\/uploads\/2013\/12\/18-12x760-300x118.jpg 300w, https:\/\/portal.sma.gob.cl\/wp-content\/uploads\/2013\/12\/18-12x760-400x158.jpg 400w, https:\/\/portal.sma.gob.cl\/wp-content\/uploads\/2013\/12\/18-12x760-600x237.jpg 600w, https:\/\/portal.sma.gob.cl\/wp-content\/uploads\/2013\/12\/18-12x760.jpg 760w\" sizes=\"(max-width: 760px) 100vw, 760px\" \/><\/strong><\/p>\n<p style=\"margin-bottom: 0.0001pt; text-align: justify;\"><strong>La Superintendencia del Medio Ambiente requiri\u00f3 &nbsp;el ingreso de dos obras de la Divisi\u00f3n Ventanas de Codelco Chile a evaluaci\u00f3n ambiental. Adicionalmente, se solicit\u00f3 la clausura temporal de ambas obras mientras no obtengan su respectiva Resoluci\u00f3n de Calificaci\u00f3n Ambiental (RCA).<\/strong><\/p>\n<p>  <!--more-->  <\/p>\n<p style=\"margin-bottom: 0.0001pt; text-align: justify;\"><strong style=\"text-indent: 35.4pt; line-height: 1.3em;\">Santiago, 18 de diciembre de 2013. <\/strong>Hoy, la Superintendencia del Medio Ambiente (SMA) ingres\u00f3 al Segundo Tribunal Ambiental la solicitud de clausura temporal de dos obras que se encuentran en la Divisi\u00f3n Ventanas de Codelco Chile, ubicada en la comuna de Puchuncav\u00ed, Regi\u00f3n de Valpara\u00edso.<\/p>\n<p style=\"margin-bottom: 0.0001pt; text-align: justify;\">Esta medida, se solicit\u00f3 luego de una investigaci\u00f3n llevada a cabo durante siete meses por la SMA al proyecto Fundici\u00f3n y Refiner\u00eda Ventanas, donde se verific\u00f3 que existen dos \u00e1reas de almacenamiento, espec\u00edficamente los sitios denominados <strong style=\"text-indent: 35.4pt; line-height: 1.3em;\">\u201cSector Botadero\u201d<\/strong> y <strong style=\"text-indent: 35.4pt; line-height: 1.3em;\">\u201cSector Dep\u00f3sito de Seguridad\u201d<\/strong>, los cuales debieron ser evaluados ambientalmente con anterioridad a su construcci\u00f3n y operaci\u00f3n.<\/p>\n<p style=\"margin-bottom: 0.0001pt; text-align: justify;\">La solicitud de la medida de clausura se fundamenta en que los proyectos no evaluados generan un riesgo inminente de da\u00f1o al medio ambiente y a la salud de las personas.<\/p>\n<p style=\"margin-bottom: 0.0001pt; text-align: justify;\">Las actividades de inspecci\u00f3n y ex\u00e1menes de informaci\u00f3n fueron realizados por profesionales de la Superintendencia en colaboraci\u00f3n con la Seremi de Salud de la V Regi\u00f3n. En ellas, se detectaron los siguientes incumplimientos:<\/p>\n<p style=\"text-align: justify;\">I.En el <strong>\u201cSector Botadero\u201d<\/strong> (colindante al Proyecto Fundici\u00f3n y Refiner\u00eda Ventanas), corresponde a un \u00e1rea utilizada para depositar residuos de los procesos de fundici\u00f3n y refinamiento de metales. Respecto de este sector se constat\u00f3, entre otros que:<\/p>\n<p style=\"text-align: justify;\">a) No cuenta con una superficie impermeabilizada, o bien con una geomembrana que impida el paso de lixiviados a la napa subterr\u00e1nea, y en especial, al humedal.<\/p>\n<p style=\"text-align: justify;\">b) Se constata que los niveles de ars\u00e9nico (As) superan la norma internacional utilizada (Risk Management Criteria for Metal at BLM Minning Sites) en todos los sitios muestreados. Por otra parte, los niveles de Cobre (Cu) superan la norma en cuatro de los seis sitios muestreados. Cabe se\u00f1alar que el elemento qu\u00edmico Ars\u00e9nico (As), se encuentra listado en la Clase 6.1 Sustancias Venenosas (t\u00f3xicas), de la NCh 382. Of 89.<\/p>\n<p style=\"text-align: justify;\">c) Dicho sector se encuentra emplazado en un \u00e1rea catalogada como \u201cHumedal\u201d que posee una superficie aproximada de 277.000 m<sup>2<\/sup>, seg\u00fan &#8220;Dise\u00f1o del inventario nacional de humedales y el seguimiento ambiental&#8221;, del Ministerio del Medio Ambiente del a\u00f1o 2011. Debido a la presencia de contaminantes el humedal podr\u00eda ser da\u00f1ado, lo que afectar\u00eda las especies de flora y fauna, y a mayor abundamiento, la dispersi\u00f3n de los residuos podr\u00eda afectar la salud de las personas.<\/p>\n<p style=\"text-align: justify;\">II. Respecto al \u201c<strong>Dep\u00f3sito de Seguridad<\/strong>\u201d (ubicado en las instalaciones del Proyecto Fundici\u00f3n y Refiner\u00eda Ventanas) corresponde a un \u00e1rea utilizada para depositar residuos de los procesos de fundici\u00f3n, refinamiento, tratamiento de gases, entre otros. Entre los hechos constatados se destaca:<\/p>\n<p style=\"text-align: justify;\">a) Las actividades de medici\u00f3n realizadas en el suelo del sector determinaron la presencia de Ars\u00e9nico (As), Plomo (Pb), Antimonio (Sb), N\u00edquel (Ni), Cobre (Cu), entre otros elementos. Con respecto a las concentraciones identificadas, estas var\u00edan dependiendo del elemento y del punto de medici\u00f3n, siendo las m\u00e1s altas aquellas asociadas a Ars\u00e9nico&nbsp;<\/p>\n<p style=\"text-align: justify;\">b) En consideraci\u00f3n a las concentraciones evidenciadas, se realiz\u00f3 un contraste con criterios internacionales para la gesti\u00f3n de riesgos, utilizando en este caso, y seg\u00fan lo establecido en el Art\u00edculo 7\u00b0 del Reglamento del SEIA, que se\u00f1ala los Estados cuya normativa puede ser utilizada, el \u201cRisk Management Criteria for Metals at BLM Mining Sites\u201d de la Confederaci\u00f3n de Canad\u00e1. A partir de lo cual se identific\u00f3 que todos los sitios muestreados superan los rangos establecidos por dicha norma, respecto a Cobre (Cu), Ars\u00e9nico (As) y Antimonio (Sb). En el caso del plomo (Pb), se supera los criterios en cuatro sitios.<\/p>\n<p style=\"text-align: justify;\">c) De acuerdo a los antecedentes remitidos por la Seremi de Salud, asociados al registro de gu\u00edas de despacho, se constata que existi\u00f3 transporte de residuos etiquetados como \u201c\u00e1ridos contaminados\u201d y \u201c\u00e1ridos contaminados con metales\u201d, desde el \u201cSector Dep\u00f3sito de Seguridad\u201d a instalaciones externas, hasta el 11 de marzo de 2013. Asimismo, se adjuntaron las gu\u00edas que permiten acreditar que los residuos eran de car\u00e1cter peligroso y que la actividad de saneamiento fue realizada al menos entre el a\u00f1o 2012 y marzo del a\u00f1o 2013.<\/p>\n<p style=\"margin-bottom: 0.0001pt; text-align: justify;\">Debido a todos estos hechos constatados, la SMA solicit\u00f3 informe al Servicio de Evaluaci\u00f3n Ambiental (SEA). La Direcci\u00f3n Ejecutiva de dicho servicio entreg\u00f3 un reporte favorable, explicando que las obras requieren ingresar a evaluaci\u00f3n ambiental, pues se encuentran dentro de la tipolog\u00eda de proyectos contenida en el art\u00edculo 3\u00b0 letra i) del reglamento del SEIA. Con este informe, la SMA sigui\u00f3 su procedimiento hasta solicitar hoy el requerimiento de ingreso y la clausura al Tribunal Ambiental.<\/p>\n<h1 style=\"margin-bottom: 0.0001pt; text-align: justify;\">Para mayor informaci\u00f3n, revisar el expediente completo en: <a style=\"text-indent: 35.45pt; line-height: 1.3em;\" href=\"http:\/\/snifa.sma.gob.cl\/RegistroPublico\/ProcesoElusion\">http:\/\/snifa.sma.gob.cl\/RegistroPublico\/ProcesoElusion<\/a><\/h1>\n","protected":false},"excerpt":{"rendered":"<p>La Superintendencia del Medio Ambiente requiri\u00f3 &nbsp;el ingreso de dos obras de la Divisi\u00f3n Ventanas de Codelco Chile a evaluaci\u00f3n ambiental. Adicionalmente, se solicit\u00f3 la clausura temporal de ambas obras mientras no obtengan su respectiva Resoluci\u00f3n de Calificaci\u00f3n Ambiental (RCA).<\/p>\n","protected":false},"author":3,"featured_media":15801,"comment_status":"open","ping_status":"open","sticky":false,"template":"","format":"standard","meta":{"footnotes":""},"categories":[90],"tags":[],"class_list":["post-15802","post","type-post","status-publish","format-standard","has-post-thumbnail","hentry","category-comunicados-noticias"],"_links":{"self":[{"href":"https:\/\/portal.sma.gob.cl\/index.php\/wp-json\/wp\/v2\/posts\/15802","targetHints":{"allow":["GET"]}}],"collection":[{"href":"https:\/\/portal.sma.gob.cl\/index.php\/wp-json\/wp\/v2\/posts"}],"about":[{"href":"https:\/\/portal.sma.gob.cl\/index.php\/wp-json\/wp\/v2\/types\/post"}],"author":[{"embeddable":true,"href":"https:\/\/portal.sma.gob.cl\/index.php\/wp-json\/wp\/v2\/users\/3"}],"replies":[{"embeddable":true,"href":"https:\/\/portal.sma.gob.cl\/index.php\/wp-json\/wp\/v2\/comments?post=15802"}],"version-history":[{"count":0,"href":"https:\/\/portal.sma.gob.cl\/index.php\/wp-json\/wp\/v2\/posts\/15802\/revisions"}],"wp:featuredmedia":[{"embeddable":true,"href":"https:\/\/portal.sma.gob.cl\/index.php\/wp-json\/wp\/v2\/media\/15801"}],"wp:attachment":[{"href":"https:\/\/portal.sma.gob.cl\/index.php\/wp-json\/wp\/v2\/media?parent=15802"}],"wp:term":[{"taxonomy":"category","embeddable":true,"href":"https:\/\/portal.sma.gob.cl\/index.php\/wp-json\/wp\/v2\/categories?post=15802"},{"taxonomy":"post_tag","embeddable":true,"href":"https:\/\/portal.sma.gob.cl\/index.php\/wp-json\/wp\/v2\/tags?post=15802"}],"curies":[{"name":"wp","href":"https:\/\/api.w.org\/{rel}","templated":true}]}}