{"id":15803,"date":"2013-12-30T12:22:30","date_gmt":"2013-12-30T12:22:30","guid":{"rendered":"https:\/\/portal.sma.gob.cl\/index.php\/2013\/12\/30\/sma-extiende-plazo-para-postular-al-consejo-de-la-sociedad-civil\/"},"modified":"2013-12-30T12:22:30","modified_gmt":"2013-12-30T12:22:30","slug":"sma-extiende-plazo-para-postular-al-consejo-de-la-sociedad-civil","status":"publish","type":"post","link":"https:\/\/portal.sma.gob.cl\/index.php\/sma-extiende-plazo-para-postular-al-consejo-de-la-sociedad-civil\/","title":{"rendered":"SMA extiende plazo para postular al Consejo de la Sociedad Civil"},"content":{"rendered":"<p><strong><img decoding=\"async\" class=\"size-auto size-full wp-image-15790\" src=\"https:\/\/portal.sma.gob.cl\/wp-content\/uploads\/2013\/12\/6-12x760.jpg\" alt=\"6-12x760\" width=\"760\" height=\"300\" srcset=\"https:\/\/portal.sma.gob.cl\/wp-content\/uploads\/2013\/12\/6-12x760-200x79.jpg 200w, https:\/\/portal.sma.gob.cl\/wp-content\/uploads\/2013\/12\/6-12x760-300x118.jpg 300w, https:\/\/portal.sma.gob.cl\/wp-content\/uploads\/2013\/12\/6-12x760-400x158.jpg 400w, https:\/\/portal.sma.gob.cl\/wp-content\/uploads\/2013\/12\/6-12x760-600x237.jpg 600w, https:\/\/portal.sma.gob.cl\/wp-content\/uploads\/2013\/12\/6-12x760.jpg 760w\" sizes=\"(max-width: 760px) 100vw, 760px\" \/><\/strong><\/p>\n<p><strong>Hasta el 14 de enero se recibir\u00e1n postulaciones para el consejo de car\u00e1cter consultivo.<\/strong><\/p>\n<p>  <!--more-->  <\/p>\n<p style=\"text-align: justify;\"><strong>Santiago, 30 de diciembre de 2013.<\/strong> La Superintendencia del Medio Ambiente (SMA) ampli\u00f3 el plazo de postulaciones para integrar el Consejo de la Sociedad Civil de este organismo por el periodo 2014 \u2013 2016, hasta el d\u00eda 14 de enero del a\u00f1o 2014.<\/p>\n<p style=\"text-align: justify;\">Lo anterior, en raz\u00f3n de que a la fecha de cierre original (23 de diciembre) no se hab\u00edan recibido propuestas suficientes de parte de todas las instituciones llamadas a participar en el mismo.<\/p>\n<p style=\"text-align: justify;\">El Consejo de la Sociedad Civil se enmarca dentro de la Ley 20.500, Sobre Asociaciones y Participaci\u00f3n Ciudadana en la Gesti\u00f3n P\u00fablica. Dicho Consejo, y tiene un car\u00e1cter consultivo, representativo, plural y diverso.<\/p>\n<p style=\"text-align: justify;\"><strong>REQUISITOS PARA POSTULAR AL CONSEJO DE LA SOCIEDAD CIVIL<\/strong><\/p>\n<p style=\"text-align: justify;\">Podr\u00e1n participar del se\u00f1alado procesos las siguientes instituciones sin fines de lucro: a) Gremios u organizaciones empresariales del pa\u00eds; b) Centros de estudios que se ocupen de materias que tengan relaci\u00f3n con la protecci\u00f3n del medio ambiente, y que no pertenezcan ni formen parte de instituciones de educaci\u00f3n superior; c)Facultades de ciencias ambientales de instituciones de educaci\u00f3n superior. d) Facultades o escuelas de derecho de instituciones de educaci\u00f3n superior, que estudien o se ocupen de materias de Derecho Ambiental y\/o Derecho Administrativo; e) Organizaciones no gubernamentales cuyos fines tengan relaci\u00f3n con la protecci\u00f3n del medio ambiente. f) Colegios de Profesionales, cuyas profesiones tengan relaci\u00f3n con la protecci\u00f3n del medio ambiente; y g) Organizaciones sindicales del pa\u00eds.<\/p>\n<p style=\"text-align: justify;\">Las solicitudes de todas las entidades deber\u00e1n incluir la propuesta de un titular y un suplente para reemplazar al primero, en caso de que no pueda asistir.En el caso de las entidades se\u00f1aladas en la letra e), la solicitud deber\u00e1 consignar el nombre y domicilio de las entidades, y deber\u00e1n acompa\u00f1arse los documentos que acrediten el objeto, personalidad jur\u00eddica y fecha de constituci\u00f3n de las mismas, las que deber\u00e1n tener una existencia no inferior a un a\u00f1o, contado desde la fecha de la solicitud.<\/p>\n<p style=\"text-align: justify;\">Las entidades gremiales que postulen deber\u00e1n proponer una n\u00f3mina, y acompa\u00f1ar a su solicitud los antecedentes relativos al n\u00famero de afiliados y a\u00f1os de existencia.<\/p>\n<p style=\"text-align: justify;\">Todas las solicitudes deber\u00e1n ser puestas a disposici\u00f3n del Superintendente, entregando los nombres, y antecedentes en los casos que corresponda, en forma f\u00edsica en la Oficina de Partes de esta Superintendencia, ubicada Miraflores 178 Piso 7, entre las 9:00 y 13:00 hrs.<\/p>\n","protected":false},"excerpt":{"rendered":"<p>Hasta el 14 de enero se recibir\u00e1n postulaciones para el consejo de car\u00e1cter consultivo.<\/p>\n","protected":false},"author":3,"featured_media":15790,"comment_status":"open","ping_status":"open","sticky":false,"template":"","format":"standard","meta":{"footnotes":""},"categories":[94],"tags":[],"class_list":["post-15803","post","type-post","status-publish","format-standard","has-post-thumbnail","hentry","category-notas-noticias"],"_links":{"self":[{"href":"https:\/\/portal.sma.gob.cl\/index.php\/wp-json\/wp\/v2\/posts\/15803","targetHints":{"allow":["GET"]}}],"collection":[{"href":"https:\/\/portal.sma.gob.cl\/index.php\/wp-json\/wp\/v2\/posts"}],"about":[{"href":"https:\/\/portal.sma.gob.cl\/index.php\/wp-json\/wp\/v2\/types\/post"}],"author":[{"embeddable":true,"href":"https:\/\/portal.sma.gob.cl\/index.php\/wp-json\/wp\/v2\/users\/3"}],"replies":[{"embeddable":true,"href":"https:\/\/portal.sma.gob.cl\/index.php\/wp-json\/wp\/v2\/comments?post=15803"}],"version-history":[{"count":0,"href":"https:\/\/portal.sma.gob.cl\/index.php\/wp-json\/wp\/v2\/posts\/15803\/revisions"}],"wp:featuredmedia":[{"embeddable":true,"href":"https:\/\/portal.sma.gob.cl\/index.php\/wp-json\/wp\/v2\/media\/15790"}],"wp:attachment":[{"href":"https:\/\/portal.sma.gob.cl\/index.php\/wp-json\/wp\/v2\/media?parent=15803"}],"wp:term":[{"taxonomy":"category","embeddable":true,"href":"https:\/\/portal.sma.gob.cl\/index.php\/wp-json\/wp\/v2\/categories?post=15803"},{"taxonomy":"post_tag","embeddable":true,"href":"https:\/\/portal.sma.gob.cl\/index.php\/wp-json\/wp\/v2\/tags?post=15803"}],"curies":[{"name":"wp","href":"https:\/\/api.w.org\/{rel}","templated":true}]}}