{"id":15810,"date":"2014-01-21T15:59:59","date_gmt":"2014-01-21T15:59:59","guid":{"rendered":"https:\/\/portal.sma.gob.cl\/index.php\/2014\/01\/21\/sma-se-reunio-con-fiscal-regional-de-antofagasta\/"},"modified":"2014-01-21T15:59:59","modified_gmt":"2014-01-21T15:59:59","slug":"sma-se-reunio-con-fiscal-regional-de-antofagasta","status":"publish","type":"post","link":"https:\/\/portal.sma.gob.cl\/index.php\/sma-se-reunio-con-fiscal-regional-de-antofagasta\/","title":{"rendered":"SMA se re\u00fane con Fiscal Regional de Antofagasta"},"content":{"rendered":"<p style=\"text-align: justify;\"><strong><img decoding=\"async\" class=\"size-auto size-full wp-image-15809\" src=\"https:\/\/portal.sma.gob.cl\/wp-content\/uploads\/2014\/01\/21-14x760.jpg\" alt=\"21-14x760\" width=\"760\" height=\"300\" srcset=\"https:\/\/portal.sma.gob.cl\/wp-content\/uploads\/2014\/01\/21-14x760-200x79.jpg 200w, https:\/\/portal.sma.gob.cl\/wp-content\/uploads\/2014\/01\/21-14x760-300x118.jpg 300w, https:\/\/portal.sma.gob.cl\/wp-content\/uploads\/2014\/01\/21-14x760-400x158.jpg 400w, https:\/\/portal.sma.gob.cl\/wp-content\/uploads\/2014\/01\/21-14x760-600x237.jpg 600w, https:\/\/portal.sma.gob.cl\/wp-content\/uploads\/2014\/01\/21-14x760.jpg 760w\" sizes=\"(max-width: 760px) 100vw, 760px\" \/><\/strong><\/p>\n<p style=\"text-align: justify;\"><strong>La jefa de la Macro Zona Norte, Mar\u00eda Isabel Reinoso, visit\u00f3 al Fiscal Regional de Antofagasta, Cristi\u00e1n Aguilar.<\/strong><\/p>\n<p>  <!--more-->  <\/p>\n<p style=\"text-align: justify;\"><strong>Antofagasta, 17 de enero.<\/strong> El pasado viernes 17 de enero, la Jefa de la Macro Zona Norte de la Superintendencia del Medio Ambiente (SMA), Mar\u00eda Isabel Reinoso, sostuvo una reuni\u00f3n protocolar con el Fiscal de la Regi\u00f3n de Antofagasta, Cristian Aguilar.<\/p>\n<p style=\"text-align: justify;\">En la cita, llevada a cabo en el Ministerio P\u00fablico de dicha regi\u00f3n, la representante de la SMA le explic\u00f3 al fiscal que \u201cuno de los intereses de la SMA es mantener un contacto coordinado y estrat\u00e9gico con las diversas entidades relacionadas con posibles eventos ambientales que puedan afectar a la comunidad, a fin de actuar de manera r\u00e1pida y eficaz\u201d. El Fiscal Regional de Antofagasta manifest\u00f3 la intenci\u00f3n de prestar todo el apoyo que se requiera, dentro del \u00e1mbito de las facultades otorgadas por la ley.<\/p>\n<p style=\"text-align: justify;\">La jefa de la Macro Zona Norte, explic\u00f3 las funciones de la Superintendencia, entre las que se cuenta el liderar y promover estrat\u00e9gicamente el cumplimiento de los instrumentos de gesti\u00f3n ambiental de competencia de la SMA, a trav\u00e9s de la fiscalizaci\u00f3n, asistencia al cumplimiento, sanciones y la entrega de informaci\u00f3n ambiental a la comunidad.<\/p>\n<p style=\"text-align: justify;\">Las reuniones continuar\u00e1n el pr\u00f3ximo 28 de enero, cuando la representantante de la SMA visite al Fiscal Regional de la Regi\u00f3n de Tarapac\u00e1, en la ciudad de Iquique. Posteriormente, se realizar\u00e1n con las autoridades respectivas de la Regi\u00f3n de Arica y Parinacota y la Regi\u00f3n de Atacama.<\/p>\n","protected":false},"excerpt":{"rendered":"<p>La jefa de la Macro Zona Norte, Mar\u00eda Isabel Reinoso, visit\u00f3 al Fiscal Regional de Antofagasta, Cristi\u00e1n Aguilar.<\/p>\n","protected":false},"author":3,"featured_media":15809,"comment_status":"open","ping_status":"open","sticky":false,"template":"","format":"standard","meta":{"footnotes":""},"categories":[94],"tags":[],"class_list":["post-15810","post","type-post","status-publish","format-standard","has-post-thumbnail","hentry","category-notas-noticias"],"_links":{"self":[{"href":"https:\/\/portal.sma.gob.cl\/index.php\/wp-json\/wp\/v2\/posts\/15810","targetHints":{"allow":["GET"]}}],"collection":[{"href":"https:\/\/portal.sma.gob.cl\/index.php\/wp-json\/wp\/v2\/posts"}],"about":[{"href":"https:\/\/portal.sma.gob.cl\/index.php\/wp-json\/wp\/v2\/types\/post"}],"author":[{"embeddable":true,"href":"https:\/\/portal.sma.gob.cl\/index.php\/wp-json\/wp\/v2\/users\/3"}],"replies":[{"embeddable":true,"href":"https:\/\/portal.sma.gob.cl\/index.php\/wp-json\/wp\/v2\/comments?post=15810"}],"version-history":[{"count":0,"href":"https:\/\/portal.sma.gob.cl\/index.php\/wp-json\/wp\/v2\/posts\/15810\/revisions"}],"wp:featuredmedia":[{"embeddable":true,"href":"https:\/\/portal.sma.gob.cl\/index.php\/wp-json\/wp\/v2\/media\/15809"}],"wp:attachment":[{"href":"https:\/\/portal.sma.gob.cl\/index.php\/wp-json\/wp\/v2\/media?parent=15810"}],"wp:term":[{"taxonomy":"category","embeddable":true,"href":"https:\/\/portal.sma.gob.cl\/index.php\/wp-json\/wp\/v2\/categories?post=15810"},{"taxonomy":"post_tag","embeddable":true,"href":"https:\/\/portal.sma.gob.cl\/index.php\/wp-json\/wp\/v2\/tags?post=15810"}],"curies":[{"name":"wp","href":"https:\/\/api.w.org\/{rel}","templated":true}]}}