{"id":15819,"date":"2014-01-30T16:21:28","date_gmt":"2014-01-30T16:21:28","guid":{"rendered":"https:\/\/portal.sma.gob.cl\/index.php\/2014\/01\/30\/tercer-tribunal-ambiental-de-valdivia-autoriza-solicitud-de-clausura-de-central-termoelectrica-bocamina-1\/"},"modified":"2014-01-30T16:21:28","modified_gmt":"2014-01-30T16:21:28","slug":"tercer-tribunal-ambiental-de-valdivia-autoriza-solicitud-de-clausura-de-central-termoelectrica-bocamina-1","status":"publish","type":"post","link":"https:\/\/portal.sma.gob.cl\/index.php\/tercer-tribunal-ambiental-de-valdivia-autoriza-solicitud-de-clausura-de-central-termoelectrica-bocamina-1\/","title":{"rendered":"Tercer Tribunal Ambiental de Valdivia autoriza solicitud de clausura de central termoel\u00e9ctrica Bocamina 1"},"content":{"rendered":"<p style=\"text-align: justify;\"><img decoding=\"async\" class=\"size-auto size-full wp-image-15818\" src=\"https:\/\/portal.sma.gob.cl\/wp-content\/uploads\/2014\/01\/bocamina-nota.jpg\" alt=\"bocamina-nota\" width=\"760\" height=\"300\" srcset=\"https:\/\/portal.sma.gob.cl\/wp-content\/uploads\/2014\/01\/bocamina-nota-200x79.jpg 200w, https:\/\/portal.sma.gob.cl\/wp-content\/uploads\/2014\/01\/bocamina-nota-300x118.jpg 300w, https:\/\/portal.sma.gob.cl\/wp-content\/uploads\/2014\/01\/bocamina-nota-400x158.jpg 400w, https:\/\/portal.sma.gob.cl\/wp-content\/uploads\/2014\/01\/bocamina-nota-600x237.jpg 600w, https:\/\/portal.sma.gob.cl\/wp-content\/uploads\/2014\/01\/bocamina-nota.jpg 760w\" sizes=\"(max-width: 760px) 100vw, 760px\" \/><\/p>\n<p style=\"text-align: justify;\"><strong>Dicha medida fue solicitada por la Superintendencia del Medio Ambiente atendido los hechos constatados en terreno, y en cumplimiento de lo ordenado por la Corte Suprema.<\/strong><\/p>\n<p>  <!--more-->  <\/p>\n<p><strong>Santiago, 30 de enero de 2014.<\/strong> El Tercer Tribunal Ambiental de Valdivia autoriz\u00f3 la medida de clausura de \u201cCentral Termoel\u00e9ctrica Bocamina I\u201d solicitada por la Superintendencia del Medio Ambiente (SMA). Dicha autorizaci\u00f3n fue solicitada con fecha 28 de enero de 2014 atendido los hechos constatados en las actividades de inspecci\u00f3n de fecha 16 de enero de 2014, los eventos informados por Endesa Chile S.A., y en cumplimiento de lo resuelto por la Corte Suprema. En raz\u00f3n de lo anterior, el mencionado tribunal autoriz\u00f3 la medida el mismo d\u00eda v\u00eda telef\u00f3nica, confirmando dicha decisi\u00f3n mediante resoluci\u00f3n de fecha 29 de enero de 2014.<\/p>\n<p>En virtud de dicha autorizaci\u00f3n, la SMA orden\u00f3 mediante resoluci\u00f3n exenta la medida provisional de la clausura total y temporal del proyecto \u201cCentral Termoel\u00e9ctrica Bocamina I\u201d, por el t\u00e9rmino de 15 d\u00edas, debido a los constantes incumplimientos consistente en succi\u00f3n masiva de biomasa por parte de las instalaciones del proyecto. Adem\u00e1s se orden\u00f3, en virtud de la letra a) del art\u00edculo 48 de la Ley Org\u00e1nica de la SMA:<\/p>\n<ol>\n<li>Reparar todas las medidas propuestas y autorizadas por la Comisi\u00f3n de Evaluaci\u00f3n Ambiental de la Regi\u00f3n del Biob\u00edo, esto es, la cortina de burbujas y la malla sif\u00f3n;<\/li>\n<li>Realizar un muestreo diario de biomasa, u<span>na vez reanudada la operaci\u00f3n de la Central Termoel\u00e9ctrica Bocamina I, debiendo reportar semanalmente los resultados a la SMA;<\/span><\/li>\n<li>Reportar inmediatamente v\u00eda telef\u00f3nicamente a SMA<span class=\"apple-converted-space\"><span>&nbsp;e<span>n caso de existir un nuevo incidente de succi\u00f3n masiva; y,<\/span><\/span><\/span><\/li>\n<li>Evaluar la eficiencia de las medidas aprobadas por la Comisi\u00f3n de Evaluaci\u00f3n de la Regi\u00f3n del Biob\u00edo, y, de ser necesario, proponer al mencionado servicio nuevas medidas que logren dar una respuesta adecuada a los mencionados eventos de succi\u00f3n.<\/li>\n<\/ol>\n<p>Sin perjuicio de lo anterior, la SMA se\u00f1al\u00f3 en su resoluci\u00f3n que en caso que Endesa Chile S.A. adopte las medidas necesarias que garanticen que no se verificar\u00e1n nuevos eventos de succi\u00f3n de biomasa que signifiquen una amenaza de da\u00f1o al medio ambiente, se podr\u00e1 alzar la medida de clausura del proyecto.<\/p>\n<p>&nbsp;<\/p>\n<h3>M\u00e1s informaci\u00f3n en:<\/h3>\n<p><a href=\"http:\/\/snifa.sma.gob.cl\/SistemaSancion\/Documento\/DownloadMedidaProvisional\/26\">http:\/\/snifa.sma.gob.cl\/SistemaSancion\/Documento\/DownloadMedidaProvisional\/26<\/a><\/p>\n","protected":false},"excerpt":{"rendered":"<p>Dicha medida fue solicitada por la Superintendencia del Medio Ambiente atendido los hechos constatados en terreno, y en cumplimiento de lo ordenado por la Corte Suprema.<\/p>\n","protected":false},"author":3,"featured_media":15818,"comment_status":"open","ping_status":"open","sticky":false,"template":"","format":"standard","meta":{"footnotes":""},"categories":[90],"tags":[],"class_list":["post-15819","post","type-post","status-publish","format-standard","has-post-thumbnail","hentry","category-comunicados-noticias"],"_links":{"self":[{"href":"https:\/\/portal.sma.gob.cl\/index.php\/wp-json\/wp\/v2\/posts\/15819","targetHints":{"allow":["GET"]}}],"collection":[{"href":"https:\/\/portal.sma.gob.cl\/index.php\/wp-json\/wp\/v2\/posts"}],"about":[{"href":"https:\/\/portal.sma.gob.cl\/index.php\/wp-json\/wp\/v2\/types\/post"}],"author":[{"embeddable":true,"href":"https:\/\/portal.sma.gob.cl\/index.php\/wp-json\/wp\/v2\/users\/3"}],"replies":[{"embeddable":true,"href":"https:\/\/portal.sma.gob.cl\/index.php\/wp-json\/wp\/v2\/comments?post=15819"}],"version-history":[{"count":0,"href":"https:\/\/portal.sma.gob.cl\/index.php\/wp-json\/wp\/v2\/posts\/15819\/revisions"}],"wp:featuredmedia":[{"embeddable":true,"href":"https:\/\/portal.sma.gob.cl\/index.php\/wp-json\/wp\/v2\/media\/15818"}],"wp:attachment":[{"href":"https:\/\/portal.sma.gob.cl\/index.php\/wp-json\/wp\/v2\/media?parent=15819"}],"wp:term":[{"taxonomy":"category","embeddable":true,"href":"https:\/\/portal.sma.gob.cl\/index.php\/wp-json\/wp\/v2\/categories?post=15819"},{"taxonomy":"post_tag","embeddable":true,"href":"https:\/\/portal.sma.gob.cl\/index.php\/wp-json\/wp\/v2\/tags?post=15819"}],"curies":[{"name":"wp","href":"https:\/\/api.w.org\/{rel}","templated":true}]}}