{"id":15821,"date":"2014-02-10T20:06:00","date_gmt":"2014-02-10T20:06:00","guid":{"rendered":"https:\/\/portal.sma.gob.cl\/index.php\/2014\/02\/10\/delegacion-de-la-sma-es-invitada-a-ee-uu-para-compartir-experiencias-con-la-environmental-protection-agency-epa\/"},"modified":"2014-02-10T20:06:00","modified_gmt":"2014-02-10T20:06:00","slug":"delegacion-de-la-sma-es-invitada-a-ee-uu-para-compartir-experiencias-con-la-environmental-protection-agency-epa","status":"publish","type":"post","link":"https:\/\/portal.sma.gob.cl\/index.php\/delegacion-de-la-sma-es-invitada-a-ee-uu-para-compartir-experiencias-con-la-environmental-protection-agency-epa\/","title":{"rendered":"Agencia Ambiental de EE.UU (EPA) invita a delegaci\u00f3n de la SMA para compartir experiencias"},"content":{"rendered":"<p style=\"text-align: justify;\">&nbsp;<img decoding=\"async\" class=\"size-auto size-full wp-image-15820\" src=\"https:\/\/portal.sma.gob.cl\/wp-content\/uploads\/2014\/02\/nota_viaje_EEUUx720.jpg\" alt=\"nota viaje EEUUx720\" width=\"760\" height=\"300\" srcset=\"https:\/\/portal.sma.gob.cl\/wp-content\/uploads\/2014\/02\/nota_viaje_EEUUx720-200x79.jpg 200w, https:\/\/portal.sma.gob.cl\/wp-content\/uploads\/2014\/02\/nota_viaje_EEUUx720-300x118.jpg 300w, https:\/\/portal.sma.gob.cl\/wp-content\/uploads\/2014\/02\/nota_viaje_EEUUx720-400x158.jpg 400w, https:\/\/portal.sma.gob.cl\/wp-content\/uploads\/2014\/02\/nota_viaje_EEUUx720-600x237.jpg 600w, https:\/\/portal.sma.gob.cl\/wp-content\/uploads\/2014\/02\/nota_viaje_EEUUx720.jpg 760w\" sizes=\"(max-width: 760px) 100vw, 760px\" \/><\/p>\n<p style=\"text-align: justify;\"><strong>El Superintendente del Medio Ambiente, Juan Carlos Monckeberg, acompa\u00f1ado por ocho profesionales visitar\u00e1n oficinas de la EPA, en Atlanta, Estados Unidos.<\/strong><\/p>\n<p>  <!--more-->  <\/p>\n<p style=\"text-align: justify;\">&nbsp;<\/p>\n<p style=\"text-align: justify;\"><strong style=\"line-height: 1.3em;\">Santiago, 10 de febrero&nbsp; de 2014<\/strong>. El Superintendente del Medio Ambiente (SMA), Juan Carlos Monckeberg, acompa\u00f1ado por una comitiva de ocho profesionales de la Divisi\u00f3n de Fiscalizaci\u00f3n y el Departamento de Normalizaci\u00f3n y Acreditaci\u00f3n, recibieron una invitaci\u00f3n para visitar las oficinas de la EPA, en Atlanta, estado de Georgia, Estados Unidos.<\/p>\n<p style=\"text-align: justify;\">La delegaci\u00f3n viaj\u00f3 este s\u00e1bado 8 de febrero y permanecer\u00e1 una semana en EE.UU. Entre los objetivos del viaje se encuentran: compartir experiencias te\u00f3rico-pr\u00e1cticas en t\u00e9cnicas de fiscalizaci\u00f3n, conocer las instalaciones y metodolog\u00edas utilizadas en los laboratorios de dicha entidad fiscalizadora y fortalecer los lazos de colaboraci\u00f3n entre ambos organismos.<\/p>\n<p style=\"text-align: justify;\">En ese contexto, los representantes de la SMA relatar\u00e1n su experiencia, respecto de las fiscalizaciones y sanciones que aplic\u00f3 la Superintendencia en 2013; su primer a\u00f1o de funcionamiento.<\/p>\n<p style=\"text-align: justify;\"><strong>Ampliar conocimientos<\/strong><\/p>\n<p style=\"text-align: justify;\">Para el Superintendente, Juan Carlos Monckeberg, esta experiencia significa para la delegaci\u00f3n profesional, ampliar sus conocimientos en sus \u00e1reas respectivas, as\u00ed como conocer otros m\u00e9todos en el \u00e1mbito de la fiscalizaci\u00f3n ambiental a nivel internacional, comparando los est\u00e1ndares aplicados en otros pa\u00edses con la situaci\u00f3n local.<\/p>\n<p style=\"text-align: justify;\">Seg\u00fan Monckeberg, este viaje se enmarca dentro de la pol\u00edtica de la Superintendencia de estrechar lazos de cooperaci\u00f3n con otras entidades de fiscalizaci\u00f3n alrededor del mundo, particularmente de pa\u00edses con m\u00e1s experiencia respecto a la aplicaci\u00f3n de metodolog\u00edas de fiscalizaci\u00f3n, para estar a la vanguardia en el \u00e1rea.<\/p>\n<p style=\"text-align: justify;\">Sin duda, este viaje es una&nbsp; vivencia que potencia la labor de estos funcionarios, que han logrado posicionar a la SMA como un actor clave dentro de la nueva institucionalidad pol\u00edtica medioambiental, actualmente vigente.<\/p>\n","protected":false},"excerpt":{"rendered":"<p>&nbsp; El Superintendente del Medio Ambiente, Juan Carlos Monckeberg, acompa\u00f1ado por ocho profesionales visitar\u00e1n oficinas de la EPA, en Atlanta, Estados Unidos.<\/p>\n","protected":false},"author":3,"featured_media":15820,"comment_status":"open","ping_status":"open","sticky":false,"template":"","format":"standard","meta":{"footnotes":""},"categories":[90],"tags":[],"class_list":["post-15821","post","type-post","status-publish","format-standard","has-post-thumbnail","hentry","category-comunicados-noticias"],"_links":{"self":[{"href":"https:\/\/portal.sma.gob.cl\/index.php\/wp-json\/wp\/v2\/posts\/15821","targetHints":{"allow":["GET"]}}],"collection":[{"href":"https:\/\/portal.sma.gob.cl\/index.php\/wp-json\/wp\/v2\/posts"}],"about":[{"href":"https:\/\/portal.sma.gob.cl\/index.php\/wp-json\/wp\/v2\/types\/post"}],"author":[{"embeddable":true,"href":"https:\/\/portal.sma.gob.cl\/index.php\/wp-json\/wp\/v2\/users\/3"}],"replies":[{"embeddable":true,"href":"https:\/\/portal.sma.gob.cl\/index.php\/wp-json\/wp\/v2\/comments?post=15821"}],"version-history":[{"count":0,"href":"https:\/\/portal.sma.gob.cl\/index.php\/wp-json\/wp\/v2\/posts\/15821\/revisions"}],"wp:featuredmedia":[{"embeddable":true,"href":"https:\/\/portal.sma.gob.cl\/index.php\/wp-json\/wp\/v2\/media\/15820"}],"wp:attachment":[{"href":"https:\/\/portal.sma.gob.cl\/index.php\/wp-json\/wp\/v2\/media?parent=15821"}],"wp:term":[{"taxonomy":"category","embeddable":true,"href":"https:\/\/portal.sma.gob.cl\/index.php\/wp-json\/wp\/v2\/categories?post=15821"},{"taxonomy":"post_tag","embeddable":true,"href":"https:\/\/portal.sma.gob.cl\/index.php\/wp-json\/wp\/v2\/tags?post=15821"}],"curies":[{"name":"wp","href":"https:\/\/api.w.org\/{rel}","templated":true}]}}