{"id":15827,"date":"2014-02-18T18:26:28","date_gmt":"2014-02-18T18:26:28","guid":{"rendered":"https:\/\/portal.sma.gob.cl\/index.php\/2014\/02\/18\/sma-realizara-su-cuenta-publica-2013-en-centro-cultural-la-moneda\/"},"modified":"2014-02-18T18:26:28","modified_gmt":"2014-02-18T18:26:28","slug":"sma-realizara-su-cuenta-publica-2013-en-centro-cultural-la-moneda","status":"publish","type":"post","link":"https:\/\/portal.sma.gob.cl\/index.php\/sma-realizara-su-cuenta-publica-2013-en-centro-cultural-la-moneda\/","title":{"rendered":"SMA realizar\u00e1 su &#8220;Cuenta P\u00fablica 2013&#8221;"},"content":{"rendered":"<p style=\"text-align: justify;\"><img decoding=\"async\" class=\"size-auto size-full wp-image-15826\" src=\"https:\/\/portal.sma.gob.cl\/wp-content\/uploads\/2014\/02\/cuenta_publica.png\" alt=\"cuenta publica\" width=\"711\" height=\"299\" srcset=\"https:\/\/portal.sma.gob.cl\/wp-content\/uploads\/2014\/02\/cuenta_publica-200x84.png 200w, https:\/\/portal.sma.gob.cl\/wp-content\/uploads\/2014\/02\/cuenta_publica-300x126.png 300w, https:\/\/portal.sma.gob.cl\/wp-content\/uploads\/2014\/02\/cuenta_publica-400x168.png 400w, https:\/\/portal.sma.gob.cl\/wp-content\/uploads\/2014\/02\/cuenta_publica-600x252.png 600w, https:\/\/portal.sma.gob.cl\/wp-content\/uploads\/2014\/02\/cuenta_publica.png 711w\" sizes=\"(max-width: 711px) 100vw, 711px\" \/><\/p>\n<p style=\"text-align: justify;\"><strong>El Superintendente del Medio Ambiente, Juan Carlos Monckeberg, expondr\u00e1 un completo balance sobre el cumplimiento de los \u201cProgramas y Subprogramas&nbsp; de Fiscalizaci\u00f3n 2013\u201d. Este jueves 6 de marzo, la atenci\u00f3n ciudadana de la SMA comenzar\u00e1 a las 11.00 horas.<\/strong><\/p>\n<p>  <!--more-->  <\/p>\n<p style=\"text-align: justify;\"><strong>Santiago, 18 de febrero de 2014.<\/strong> El d\u00eda jueves 6 de marzo se realizar\u00e1 la Cuenta P\u00fablica 2013 de la Superintendencia del Medio Ambiente (SMA) en el Centro Cultural Palacio La Moneda.<\/p>\n<p style=\"text-align: justify;\">En la instancia, contemplada en la Ley Org\u00e1nica de la Superintendencia, busca dar a conocer a la ciudadan\u00eda la gesti\u00f3n de la SMA realizada durante el a\u00f1o 2013, primer a\u00f1o de operaciones del organismo.<\/p>\n<p style=\"text-align: justify;\">El Superintendente, Juan Carlos Monckeberg, realizar\u00e1 un completo balance del \u201cPrograma y Subprograma\u201d de fiscalizaci\u00f3n contemplado el a\u00f1o 2013, donde abordar\u00e1 los principales focos de actividades fiscalizadoras, en los distintos sectores econ\u00f3micos que regula esta Superintendencia.<\/p>\n<p style=\"text-align: justify;\">En su exposici\u00f3n abordar\u00e1 las inspecciones en terreno, las principales infracciones detectadas a los instrumentos de gesti\u00f3n ambiental de competencia de la SMA, como tambi\u00e9n las principales sanciones cursadas por el organismo y los mecanismos de asistencia al cumplimiento.<\/p>\n<p style=\"text-align: justify;\">En tanto, se informa a la ciudadan\u00eda que la atenci\u00f3n ciudadana el d\u00eda jueves 6 de marzo se realizar\u00e1 desde las 11.00 horas.<\/p>\n","protected":false},"excerpt":{"rendered":"<p>El Superintendente del Medio Ambiente, Juan Carlos Monckeberg, expondr\u00e1 un completo balance sobre el cumplimiento de los \u201cProgramas y Subprogramas&nbsp; de Fiscalizaci\u00f3n 2013\u201d. Este jueves 6 de marzo, la atenci\u00f3n ciudadana de la SMA comenzar\u00e1 a las 11.00 horas.<\/p>\n","protected":false},"author":3,"featured_media":15826,"comment_status":"open","ping_status":"open","sticky":false,"template":"","format":"standard","meta":{"footnotes":""},"categories":[94],"tags":[],"class_list":["post-15827","post","type-post","status-publish","format-standard","has-post-thumbnail","hentry","category-notas-noticias"],"_links":{"self":[{"href":"https:\/\/portal.sma.gob.cl\/index.php\/wp-json\/wp\/v2\/posts\/15827","targetHints":{"allow":["GET"]}}],"collection":[{"href":"https:\/\/portal.sma.gob.cl\/index.php\/wp-json\/wp\/v2\/posts"}],"about":[{"href":"https:\/\/portal.sma.gob.cl\/index.php\/wp-json\/wp\/v2\/types\/post"}],"author":[{"embeddable":true,"href":"https:\/\/portal.sma.gob.cl\/index.php\/wp-json\/wp\/v2\/users\/3"}],"replies":[{"embeddable":true,"href":"https:\/\/portal.sma.gob.cl\/index.php\/wp-json\/wp\/v2\/comments?post=15827"}],"version-history":[{"count":0,"href":"https:\/\/portal.sma.gob.cl\/index.php\/wp-json\/wp\/v2\/posts\/15827\/revisions"}],"wp:featuredmedia":[{"embeddable":true,"href":"https:\/\/portal.sma.gob.cl\/index.php\/wp-json\/wp\/v2\/media\/15826"}],"wp:attachment":[{"href":"https:\/\/portal.sma.gob.cl\/index.php\/wp-json\/wp\/v2\/media?parent=15827"}],"wp:term":[{"taxonomy":"category","embeddable":true,"href":"https:\/\/portal.sma.gob.cl\/index.php\/wp-json\/wp\/v2\/categories?post=15827"},{"taxonomy":"post_tag","embeddable":true,"href":"https:\/\/portal.sma.gob.cl\/index.php\/wp-json\/wp\/v2\/tags?post=15827"}],"curies":[{"name":"wp","href":"https:\/\/api.w.org\/{rel}","templated":true}]}}