{"id":15838,"date":"2014-03-10T14:28:36","date_gmt":"2014-03-10T14:28:36","guid":{"rendered":"https:\/\/portal.sma.gob.cl\/index.php\/2014\/03\/10\/sma-publica-ciclo-de-fijacion-de-programas-y-subprogramas-2014\/"},"modified":"2014-03-10T14:28:36","modified_gmt":"2014-03-10T14:28:36","slug":"sma-publica-ciclo-de-fijacion-de-programas-y-subprogramas-2014","status":"publish","type":"post","link":"https:\/\/portal.sma.gob.cl\/index.php\/sma-publica-ciclo-de-fijacion-de-programas-y-subprogramas-2014\/","title":{"rendered":"SMA publica ciclo de fijaci\u00f3n de Programas y Subprogramas 2014"},"content":{"rendered":"<p style=\"text-align: justify;\"><strong><img decoding=\"async\" class=\"size-auto size-full wp-image-15837\" src=\"https:\/\/portal.sma.gob.cl\/wp-content\/uploads\/2014\/03\/760x-10-07-14.jpg\" alt=\"760x-10-07-14\" width=\"760\" height=\"300\" srcset=\"https:\/\/portal.sma.gob.cl\/wp-content\/uploads\/2014\/03\/760x-10-07-14-200x79.jpg 200w, https:\/\/portal.sma.gob.cl\/wp-content\/uploads\/2014\/03\/760x-10-07-14-300x118.jpg 300w, https:\/\/portal.sma.gob.cl\/wp-content\/uploads\/2014\/03\/760x-10-07-14-400x158.jpg 400w, https:\/\/portal.sma.gob.cl\/wp-content\/uploads\/2014\/03\/760x-10-07-14-600x237.jpg 600w, https:\/\/portal.sma.gob.cl\/wp-content\/uploads\/2014\/03\/760x-10-07-14.jpg 760w\" sizes=\"(max-width: 760px) 100vw, 760px\" \/><\/strong><\/p>\n<p style=\"text-align: justify;\"><strong>El documento contiene informaci\u00f3n sobre los fundamentos legales del proceso y una descripci\u00f3n de cada una de sus etapas, en virtud de las inspecciones que se har\u00e1n durante el a\u00f1o.<\/strong><\/p>\n<p>  <!--more-->  <\/p>\n<p style=\"text-align: justify;\"><strong>Santiago, 10 de marzo de 2014<\/strong>. La Superintendencia del Medio Ambiente (SMA), seg\u00fan lo dispuesto en el art\u00edculo 16\u00b0 de su Ley Org\u00e1nica ), fija las actividades de fiscalizaci\u00f3n que desarrolla anualmente,&nbsp; las cuales deben ser establecidas en resoluciones exentas que establecen los Programas y Subprogramas de Fiscalizaci\u00f3n Ambiental. Mediante este mecanismo la SMA realiza y encomienda acciones de fiscalizaci\u00f3n a otros organismos del Estado competentes en la materia.<\/p>\n<p style=\"text-align: justify;\">Ante el desaf\u00edo de fiscalizar una variedad de instrumentos de car\u00e1cter ambiental que regulan a un universo de sujetos de gran magnitud y diversidad, la SMA ha desplegado en la elaboraci\u00f3n de los Programas y Subprogramas de Fiscalizaci\u00f3n Ambiental 2014 todos los esfuerzos necesarios para hacer de \u00e9ste un proceso que presente la mayor eficacia y eficiencia posible en el uso de los limitados recursos disponibles.<\/p>\n<p style=\"text-align: justify;\">Este proceso&nbsp; corresponde a un ciclo anual que, en conformidad con lo contemplado en la Ley Org\u00e1nica en los art\u00edculos 16\u00b0 y 17\u00b0, se ha estructurado operativamente en las siguientes etapas:<\/p>\n<p style=\"text-align: justify;\">i)&nbsp;&nbsp;&nbsp;&nbsp;&nbsp;&nbsp;&nbsp;&nbsp;&nbsp;&nbsp;&nbsp;&nbsp; Solicitud de Prioridades de Fiscalizaci\u00f3n y Presupuestos asociado a organismos fiscalizadores<\/p>\n<p style=\"text-align: justify;\">ii)&nbsp;&nbsp;&nbsp;&nbsp;&nbsp;&nbsp;&nbsp;&nbsp;&nbsp;&nbsp;&nbsp; Estudio y aplicaci\u00f3n de m\u00e9todo de Priorizaci\u00f3n<\/p>\n<p style=\"text-align: justify;\">iii)&nbsp;&nbsp;&nbsp;&nbsp;&nbsp;&nbsp;&nbsp;&nbsp;&nbsp;&nbsp; Generaci\u00f3n de Propuesta de Programas y Subprogramas<\/p>\n<p style=\"text-align: justify;\">iv)&nbsp;&nbsp;&nbsp;&nbsp;&nbsp;&nbsp;&nbsp;&nbsp;&nbsp;&nbsp; Proceso de Consulta con organismos fiscalizadores<\/p>\n<p style=\"text-align: justify;\">v)&nbsp;&nbsp;&nbsp;&nbsp;&nbsp;&nbsp;&nbsp;&nbsp;&nbsp;&nbsp;&nbsp; Elaboraci\u00f3n Resoluci\u00f3n Programas y Subprogramas<\/p>\n<p style=\"text-align: justify;\">vi)&nbsp;&nbsp;&nbsp;&nbsp;&nbsp;&nbsp;&nbsp;&nbsp;&nbsp;&nbsp; Comunicaci\u00f3n y Asignaci\u00f3n de actividades de fiscalizaci\u00f3n<\/p>\n<p style=\"text-align: justify;\">En este sentido, la SMA pone a disposici\u00f3n del p\u00fablico un documento que detalla el ciclo de fijaci\u00f3n de Programas y Subprogramas de Fiscalizaci\u00f3n Ambiental aplicado en la definici\u00f3n de las actividades correspondientes al a\u00f1o 2014, el que contiene informaci\u00f3n acerca de los fundamentoslegales del proceso y una descripci\u00f3n de cada una de sus etapas.<\/p>\n<h3 style=\"text-align: justify;\">M\u00c1S INFORMACI\u00d3N EN:&nbsp;<a class=\"doclink\" href=\"index.php?option=com_docman&amp;task=doc_download&amp;gid=218&amp;Itemid=280\"><img decoding=\"async\" class=\" size-full wp-image-15480\" src=\"https:\/\/portal.sma.gob.cl\/wp-content\/uploads\/2012\/07\/pdf.png\" alt=\"icon\" border=\"0\" width=\"16\" height=\"16\" \/>&nbsp;Procedimiento fijaci\u00f3n programa y subprogramas 2014<\/a><\/h3>\n","protected":false},"excerpt":{"rendered":"<p>El documento contiene informaci\u00f3n sobre los fundamentos legales del proceso y una descripci\u00f3n de cada una de sus etapas, en virtud de las inspecciones que se har\u00e1n durante el a\u00f1o.<\/p>\n","protected":false},"author":3,"featured_media":15837,"comment_status":"open","ping_status":"open","sticky":false,"template":"","format":"standard","meta":{"footnotes":""},"categories":[94],"tags":[],"class_list":["post-15838","post","type-post","status-publish","format-standard","has-post-thumbnail","hentry","category-notas-noticias"],"_links":{"self":[{"href":"https:\/\/portal.sma.gob.cl\/index.php\/wp-json\/wp\/v2\/posts\/15838","targetHints":{"allow":["GET"]}}],"collection":[{"href":"https:\/\/portal.sma.gob.cl\/index.php\/wp-json\/wp\/v2\/posts"}],"about":[{"href":"https:\/\/portal.sma.gob.cl\/index.php\/wp-json\/wp\/v2\/types\/post"}],"author":[{"embeddable":true,"href":"https:\/\/portal.sma.gob.cl\/index.php\/wp-json\/wp\/v2\/users\/3"}],"replies":[{"embeddable":true,"href":"https:\/\/portal.sma.gob.cl\/index.php\/wp-json\/wp\/v2\/comments?post=15838"}],"version-history":[{"count":0,"href":"https:\/\/portal.sma.gob.cl\/index.php\/wp-json\/wp\/v2\/posts\/15838\/revisions"}],"wp:featuredmedia":[{"embeddable":true,"href":"https:\/\/portal.sma.gob.cl\/index.php\/wp-json\/wp\/v2\/media\/15837"}],"wp:attachment":[{"href":"https:\/\/portal.sma.gob.cl\/index.php\/wp-json\/wp\/v2\/media?parent=15838"}],"wp:term":[{"taxonomy":"category","embeddable":true,"href":"https:\/\/portal.sma.gob.cl\/index.php\/wp-json\/wp\/v2\/categories?post=15838"},{"taxonomy":"post_tag","embeddable":true,"href":"https:\/\/portal.sma.gob.cl\/index.php\/wp-json\/wp\/v2\/tags?post=15838"}],"curies":[{"name":"wp","href":"https:\/\/api.w.org\/{rel}","templated":true}]}}