{"id":15850,"date":"2014-03-27T21:32:08","date_gmt":"2014-03-27T21:32:08","guid":{"rendered":"https:\/\/portal.sma.gob.cl\/index.php\/2014\/03\/27\/sma-realiza-seminario-sobre-entidades-privadas-de-fiscalizacion-ambiental\/"},"modified":"2014-03-27T21:32:08","modified_gmt":"2014-03-27T21:32:08","slug":"sma-realiza-seminario-sobre-entidades-privadas-de-fiscalizacion-ambiental","status":"publish","type":"post","link":"https:\/\/portal.sma.gob.cl\/index.php\/sma-realiza-seminario-sobre-entidades-privadas-de-fiscalizacion-ambiental\/","title":{"rendered":"SMA realiza seminario sobre entidades privadas de fiscalizaci\u00f3n ambiental"},"content":{"rendered":"<p style=\"text-align: justify;\"><img decoding=\"async\" class=\"size-auto size-full wp-image-15849\" src=\"https:\/\/portal.sma.gob.cl\/wp-content\/uploads\/2014\/03\/760x-28-03-14.jpg\" alt=\"760x-28-03-14\" width=\"760\" height=\"300\" srcset=\"https:\/\/portal.sma.gob.cl\/wp-content\/uploads\/2014\/03\/760x-28-03-14-200x79.jpg 200w, https:\/\/portal.sma.gob.cl\/wp-content\/uploads\/2014\/03\/760x-28-03-14-300x118.jpg 300w, https:\/\/portal.sma.gob.cl\/wp-content\/uploads\/2014\/03\/760x-28-03-14-400x158.jpg 400w, https:\/\/portal.sma.gob.cl\/wp-content\/uploads\/2014\/03\/760x-28-03-14-600x237.jpg 600w, https:\/\/portal.sma.gob.cl\/wp-content\/uploads\/2014\/03\/760x-28-03-14.jpg 760w\" sizes=\"(max-width: 760px) 100vw, 760px\" \/><\/p>\n<p style=\"text-align: justify;\"><strong>En el marco del seminario \u201cLas entidades t\u00e9cnicas de la Superintendencia del Medio Ambiente, un nuevo escenario\u201d, la SMA dio a conocer c\u00f3mo se realizar\u00e1 la participaci\u00f3n de organismos privados en la fiscalizaci\u00f3n, evaluaci\u00f3n y certificaci\u00f3n de conformidad ambiental.<\/strong><\/p>\n<p>  <!--more-->  <\/p>\n<p style=\"text-align: justify;\"><strong>Santiago, 26 de marzo de 2014.<\/strong> Con una gran asistencia de invitados, la Superintendencia del Medio Ambiente (SMA), realiz\u00f3 hoy el seminario \u201cLas entidades t\u00e9cnicas de la SMA, un nuevo escenario\u201d. En el Hotel Park Plaza, de desarroll\u00f3 el evento que congreg\u00f3 a m\u00e1s de 100 personas.<\/p>\n<p style=\"text-align: justify;\">Este primer seminario es parte del \u201cPrograma de Seminarios\/Talleres de difusi\u00f3n y familiarizaci\u00f3n de los Reglamentos\u201d comprometido por la SMA a realizar a nivel pa\u00eds, durante los pr\u00f3ximos meses de Abril y Mayo. Este Programa ser\u00e1 orientado a diferentes grupos de inter\u00e9s: empresas, industrias y sujetos regulados; laboratorios y centros de investigaci\u00f3n y finalmente organismos sectoriales con competencia ambiental.<\/p>\n<p style=\"text-align: justify;\">Esta actividad forma parte del compromiso de la SMA de difundir su gesti\u00f3n y sus competencias. A inicios de marzo la Contralor\u00eda General de la Rep\u00fablica tom\u00f3 raz\u00f3n de los Reglamentos de Entidades T\u00e9cnicas de Fiscalizaci\u00f3n y de Certificaci\u00f3n de Conformidad Ambiental de la Superintendencia del Medio Ambiente (SMA). Esto permitir\u00e1 ampliar la capacidad fiscalizadora de la SMA, as\u00ed como tambi\u00e9n la calidad de la informaci\u00f3n generada para el seguimiento de proyectos.<\/p>\n<p style=\"text-align: justify;\">En la actividad, el jefe del Departamento de Acreditaci\u00f3n y Normalizaci\u00f3n, Rodrigo Romero, indic\u00f3 que \u201cla incorporaci\u00f3n de entidades privadas, por ejemplo, laboratorios, exigir\u00e1 que \u00e9stos deban ser autorizados por esta instituci\u00f3n para desarrollar tales actividades, exigi\u00e9ndoseles altos est\u00e1ndares de calidad\u201d.<\/p>\n","protected":false},"excerpt":{"rendered":"<p>En el marco del seminario \u201cLas entidades t\u00e9cnicas de la Superintendencia del Medio Ambiente, un nuevo escenario\u201d, la SMA dio a conocer c\u00f3mo se realizar\u00e1 la participaci\u00f3n de organismos privados en la fiscalizaci\u00f3n, evaluaci\u00f3n y certificaci\u00f3n de conformidad ambiental.<\/p>\n","protected":false},"author":3,"featured_media":15849,"comment_status":"open","ping_status":"open","sticky":false,"template":"","format":"standard","meta":{"footnotes":""},"categories":[94],"tags":[],"class_list":["post-15850","post","type-post","status-publish","format-standard","has-post-thumbnail","hentry","category-notas-noticias"],"_links":{"self":[{"href":"https:\/\/portal.sma.gob.cl\/index.php\/wp-json\/wp\/v2\/posts\/15850","targetHints":{"allow":["GET"]}}],"collection":[{"href":"https:\/\/portal.sma.gob.cl\/index.php\/wp-json\/wp\/v2\/posts"}],"about":[{"href":"https:\/\/portal.sma.gob.cl\/index.php\/wp-json\/wp\/v2\/types\/post"}],"author":[{"embeddable":true,"href":"https:\/\/portal.sma.gob.cl\/index.php\/wp-json\/wp\/v2\/users\/3"}],"replies":[{"embeddable":true,"href":"https:\/\/portal.sma.gob.cl\/index.php\/wp-json\/wp\/v2\/comments?post=15850"}],"version-history":[{"count":0,"href":"https:\/\/portal.sma.gob.cl\/index.php\/wp-json\/wp\/v2\/posts\/15850\/revisions"}],"wp:featuredmedia":[{"embeddable":true,"href":"https:\/\/portal.sma.gob.cl\/index.php\/wp-json\/wp\/v2\/media\/15849"}],"wp:attachment":[{"href":"https:\/\/portal.sma.gob.cl\/index.php\/wp-json\/wp\/v2\/media?parent=15850"}],"wp:term":[{"taxonomy":"category","embeddable":true,"href":"https:\/\/portal.sma.gob.cl\/index.php\/wp-json\/wp\/v2\/categories?post=15850"},{"taxonomy":"post_tag","embeddable":true,"href":"https:\/\/portal.sma.gob.cl\/index.php\/wp-json\/wp\/v2\/tags?post=15850"}],"curies":[{"name":"wp","href":"https:\/\/api.w.org\/{rel}","templated":true}]}}