{"id":15852,"date":"2014-03-28T19:50:15","date_gmt":"2014-03-28T19:50:15","guid":{"rendered":"https:\/\/portal.sma.gob.cl\/index.php\/2014\/03\/28\/superintendente-se-reune-con-funcionarios-de-la-macro-zona-sur\/"},"modified":"2014-03-28T19:50:15","modified_gmt":"2014-03-28T19:50:15","slug":"superintendente-se-reune-con-funcionarios-de-la-macro-zona-sur","status":"publish","type":"post","link":"https:\/\/portal.sma.gob.cl\/index.php\/superintendente-se-reune-con-funcionarios-de-la-macro-zona-sur\/","title":{"rendered":"Superintendente se re\u00fane con funcionarios de la Macro Zona Sur"},"content":{"rendered":"<p style=\"text-align: justify;\"><strong><img decoding=\"async\" class=\"size-auto size-full wp-image-15851\" src=\"https:\/\/portal.sma.gob.cl\/wp-content\/uploads\/2014\/03\/valdivia-760.jpg\" alt=\"valdivia-760\" width=\"760\" height=\"300\" srcset=\"https:\/\/portal.sma.gob.cl\/wp-content\/uploads\/2014\/03\/valdivia-760-200x79.jpg 200w, https:\/\/portal.sma.gob.cl\/wp-content\/uploads\/2014\/03\/valdivia-760-300x118.jpg 300w, https:\/\/portal.sma.gob.cl\/wp-content\/uploads\/2014\/03\/valdivia-760-400x158.jpg 400w, https:\/\/portal.sma.gob.cl\/wp-content\/uploads\/2014\/03\/valdivia-760-600x237.jpg 600w, https:\/\/portal.sma.gob.cl\/wp-content\/uploads\/2014\/03\/valdivia-760.jpg 760w\" sizes=\"(max-width: 760px) 100vw, 760px\" \/><\/strong><\/p>\n<p style=\"text-align: justify;\"><strong>El Superintendente del Medio Ambiente (TP), Cristi\u00e1n Franz, comparti\u00f3 con el personal en la Oficina Macro Zonal de Valdivia. En la oportunidad, los funcionarios le explicaron la labor y metas alcanzadas en 2013, y se plantearon los desaf\u00edos para 2014.<\/strong><\/p>\n<p>  <!--more-->  <\/p>\n<p style=\"text-align: justify;\"><strong>Valdivia, 27 de marzo de 2014<\/strong>. El Superintendente del Medio Ambiente (TP), Cristi\u00e1n Franz, visit\u00f3 al equipo de trabajo de la Macro Zona Sur (MZS), liderada por Eduardo Rodr\u00edguez.<\/p>\n<p style=\"text-align: justify;\">La cita se realiz\u00f3 el jueves 27 de marzo durante la tarde, en la sede de la SMA de Valdivia y se prolong\u00f3 por cerca de dos horas. En la oportunidad, el equipo de la MZS integrado por fiscalizadores y funcionarios de las Regiones del Bio-B\u00edo, Araucan\u00eda, Los R\u00edos, Los Lagos, Ays\u00e9n y Magallanes, quienes expusieron a la autoridad la ejecuci\u00f3n del programa de fiscalizaci\u00f3n 2013, y se plante\u00f3 los objetivos establecidos para este a\u00f1o.<\/p>\n<p style=\"text-align: justify;\">En la reuni\u00f3n, se abordaron diversos temas, entre los que destacan, la ejecuci\u00f3n del Programa de fiscalizaci\u00f3n 2013, el trabajo con los organismos con competencia ambiental, el desaf\u00edo de la fiscalizaci\u00f3n en los Planes de Descontaminaci\u00f3n en la zona sur, la complejidad de las inspecciones en las zonas aisladas, entre otros.<\/p>\n<p style=\"text-align: justify;\"><strong>Pr\u00f3ximos desaf\u00edos<\/strong><\/p>\n<p style=\"text-align: justify;\">El Superintendente conoci\u00f3 a todo el personal, y a los fiscalizadores de la MZS, en \u00e9sta, su primera visita a la zona.<\/p>\n<p style=\"text-align: justify;\">Asimismo, plante\u00f3 los principales desaf\u00edos para 2014, poniendo \u00e9nfasis en el trabajo riguroso y de calidad que siempre debe estar presente en todas las actividades que realiza la SMA.<\/p>\n<p style=\"text-align: justify;\">\u201cEn este recorrido que he podido realizar ac\u00e1 en Valdivia, y que hace dos d\u00edas tambi\u00e9n pude hacer a Antofagasta, me he percatado que en la SMA existe un equipo de trabajo comprometido y altamente t\u00e9cnico a nivel nacional, el que debe ser potenciado para que cumpla su funci\u00f3n con la rigurosidad y calidad que deben imperar en todas las acciones que realiza la SMA en su labor fiscalizadora\u201d, se\u00f1al\u00f3 la autoridad ambiental.<\/p>\n<p style=\"text-align: justify;\">Por su parte, el Jefe de la Macro Zona Sur, Eduardo Rodr\u00edguez, destac\u00f3 la visita del Superintendente a la ciudad de Valdivia. \u201cResulta del m\u00e1ximo provecho que la primera autoridad de la SMA conozca personalmente a los funcionarios que trabajan en regiones, conocer el trabajo realizado este primer a\u00f1o de funcionamiento en el sur de Chile, as\u00ed como tambi\u00e9n los enormes desaf\u00edos que en materia de fiscalizaci\u00f3n ambiental nos depara este a\u00f1o 2014\u201d, sostuvo.<\/p>\n","protected":false},"excerpt":{"rendered":"<p>El Superintendente del Medio Ambiente (TP), Cristi\u00e1n Franz, comparti\u00f3 con el personal en la Oficina Macro Zonal de Valdivia. En la oportunidad, los funcionarios le explicaron la labor y metas alcanzadas en 2013, y se plantearon los desaf\u00edos para 2014.<\/p>\n","protected":false},"author":3,"featured_media":15851,"comment_status":"open","ping_status":"open","sticky":false,"template":"","format":"standard","meta":{"footnotes":""},"categories":[94],"tags":[],"class_list":["post-15852","post","type-post","status-publish","format-standard","has-post-thumbnail","hentry","category-notas-noticias"],"_links":{"self":[{"href":"https:\/\/portal.sma.gob.cl\/index.php\/wp-json\/wp\/v2\/posts\/15852","targetHints":{"allow":["GET"]}}],"collection":[{"href":"https:\/\/portal.sma.gob.cl\/index.php\/wp-json\/wp\/v2\/posts"}],"about":[{"href":"https:\/\/portal.sma.gob.cl\/index.php\/wp-json\/wp\/v2\/types\/post"}],"author":[{"embeddable":true,"href":"https:\/\/portal.sma.gob.cl\/index.php\/wp-json\/wp\/v2\/users\/3"}],"replies":[{"embeddable":true,"href":"https:\/\/portal.sma.gob.cl\/index.php\/wp-json\/wp\/v2\/comments?post=15852"}],"version-history":[{"count":0,"href":"https:\/\/portal.sma.gob.cl\/index.php\/wp-json\/wp\/v2\/posts\/15852\/revisions"}],"wp:featuredmedia":[{"embeddable":true,"href":"https:\/\/portal.sma.gob.cl\/index.php\/wp-json\/wp\/v2\/media\/15851"}],"wp:attachment":[{"href":"https:\/\/portal.sma.gob.cl\/index.php\/wp-json\/wp\/v2\/media?parent=15852"}],"wp:term":[{"taxonomy":"category","embeddable":true,"href":"https:\/\/portal.sma.gob.cl\/index.php\/wp-json\/wp\/v2\/categories?post=15852"},{"taxonomy":"post_tag","embeddable":true,"href":"https:\/\/portal.sma.gob.cl\/index.php\/wp-json\/wp\/v2\/tags?post=15852"}],"curies":[{"name":"wp","href":"https:\/\/api.w.org\/{rel}","templated":true}]}}