{"id":15854,"date":"2014-03-28T19:52:56","date_gmt":"2014-03-28T19:52:56","guid":{"rendered":"https:\/\/portal.sma.gob.cl\/index.php\/2014\/03\/28\/super-de-medio-ambiente\/"},"modified":"2014-03-28T19:52:56","modified_gmt":"2014-03-28T19:52:56","slug":"super-de-medio-ambiente","status":"publish","type":"post","link":"https:\/\/portal.sma.gob.cl\/index.php\/super-de-medio-ambiente\/","title":{"rendered":"SMA participa en conferencia espacial realizada en la FIDAE 2014"},"content":{"rendered":"<p style=\"text-align: justify;\"><strong><img decoding=\"async\" class=\"size-auto size-full wp-image-15853\" src=\"https:\/\/portal.sma.gob.cl\/wp-content\/uploads\/2014\/03\/fidae-760.jpg\" alt=\"fidae-760\" width=\"760\" height=\"300\" srcset=\"https:\/\/portal.sma.gob.cl\/wp-content\/uploads\/2014\/03\/fidae-760-200x79.jpg 200w, https:\/\/portal.sma.gob.cl\/wp-content\/uploads\/2014\/03\/fidae-760-300x118.jpg 300w, https:\/\/portal.sma.gob.cl\/wp-content\/uploads\/2014\/03\/fidae-760-400x158.jpg 400w, https:\/\/portal.sma.gob.cl\/wp-content\/uploads\/2014\/03\/fidae-760-600x237.jpg 600w, https:\/\/portal.sma.gob.cl\/wp-content\/uploads\/2014\/03\/fidae-760.jpg 760w\" sizes=\"(max-width: 760px) 100vw, 760px\" \/><\/strong><\/p>\n<p style=\"text-align: justify;\"><strong>El Superintendente del Medio Ambiente (TP), Cristi\u00e1n Franz, fue invitado a la conferencia espacial \u201cEl uso del espacio como herramienta tecnol\u00f3gica\u201d e \u201cInformaci\u00f3n geoespacial para la toma de decisiones\u201d, efectuada en la Feria Internacional del Aire y del Espacio.<\/strong><\/p>\n<p>  <!--more-->  <\/p>\n<p style=\"text-align: justify;\"><strong>Santiago, 26 de marzo de 2014.<\/strong> El Superintendente del Medio Ambiente (TP), Cristi\u00e1n Franz, asisti\u00f3 a la segunda conferencia espacial \u201cEl uso del espacio como herramienta tecnol\u00f3gica\u201d e \u201cInformaci\u00f3n geoespacial para la toma de decisiones\u201d realizada el pasado mi\u00e9rcoles, en instalaciones de la Feria Internacional del Aire (FIDAE)-2014, emplazada al costado norte del Aeropuerto Internacional Arturo Merino Ben\u00edtez.<\/p>\n<p style=\"text-align: justify;\">Esta visita se efectu\u00f3 en el marco de la invitaci\u00f3n que hicieron a la SMA, desde la Fuerza \u00c1rea de Chile (Fach), la cual se gener\u00f3, dada las conversaciones que se est\u00e1 desarrollando con esta instituci\u00f3n para concretar un acuerdo con el Servicio Aerofotogram\u00e9trico de la Fuerza A\u00e9rea (SAF), con el objeto de contar con im\u00e1genes del sat\u00e9lite FASAT-Charlie y usarlas para verificar posibles infracciones ambientales de los regulados.<\/p>\n<p style=\"text-align: justify;\">Lo anterior, utilizando la plataforma territorial desplegada por la SMA, junto a la informaci\u00f3n que se est\u00e1 generando a trav\u00e9s del proyecto de Monitoreo Ambiental Territorial, que est\u00e1 elaborando la Divisi\u00f3n de Gesti\u00f3n e Innovaci\u00f3n.<\/p>\n<p style=\"text-align: justify;\">\u201cNos parece importante concretar este convenio para modernizar nuestro sistema de fiscalizaci\u00f3n, hacerlo m\u00e1s eficiente y preciso, gracias a la aplicaci\u00f3n que desde la SMA podamos hacer de estas herramientas tecnol\u00f3gicas que utiliza la aeron\u00e1utica chilena y mundial\u201d, destac\u00f3 el Superintendente (TP), Cristi\u00e1n Franz.<\/p>\n<p style=\"text-align: justify;\">La autoridad ambiental concurri\u00f3 al evento acompa\u00f1ado de su jefe de Gabinete, David Silva, el jefe de la Divisi\u00f3n de Gesti\u00f3n e Innovaci\u00f3n de la SMA, Nelson Saieg, el jefe de la Divisi\u00f3n de Fiscalizaci\u00f3n, Kay Bergamini, entre otros funcionarios.<\/p>\n","protected":false},"excerpt":{"rendered":"<p>El Superintendente del Medio Ambiente (TP), Cristi\u00e1n Franz, fue invitado a la conferencia espacial \u201cEl uso del espacio como herramienta tecnol\u00f3gica\u201d e \u201cInformaci\u00f3n geoespacial para la toma de decisiones\u201d, efectuada en la Feria Internacional del Aire y del Espacio.<\/p>\n","protected":false},"author":3,"featured_media":15853,"comment_status":"open","ping_status":"open","sticky":false,"template":"","format":"standard","meta":{"footnotes":""},"categories":[94],"tags":[],"class_list":["post-15854","post","type-post","status-publish","format-standard","has-post-thumbnail","hentry","category-notas-noticias"],"_links":{"self":[{"href":"https:\/\/portal.sma.gob.cl\/index.php\/wp-json\/wp\/v2\/posts\/15854","targetHints":{"allow":["GET"]}}],"collection":[{"href":"https:\/\/portal.sma.gob.cl\/index.php\/wp-json\/wp\/v2\/posts"}],"about":[{"href":"https:\/\/portal.sma.gob.cl\/index.php\/wp-json\/wp\/v2\/types\/post"}],"author":[{"embeddable":true,"href":"https:\/\/portal.sma.gob.cl\/index.php\/wp-json\/wp\/v2\/users\/3"}],"replies":[{"embeddable":true,"href":"https:\/\/portal.sma.gob.cl\/index.php\/wp-json\/wp\/v2\/comments?post=15854"}],"version-history":[{"count":0,"href":"https:\/\/portal.sma.gob.cl\/index.php\/wp-json\/wp\/v2\/posts\/15854\/revisions"}],"wp:featuredmedia":[{"embeddable":true,"href":"https:\/\/portal.sma.gob.cl\/index.php\/wp-json\/wp\/v2\/media\/15853"}],"wp:attachment":[{"href":"https:\/\/portal.sma.gob.cl\/index.php\/wp-json\/wp\/v2\/media?parent=15854"}],"wp:term":[{"taxonomy":"category","embeddable":true,"href":"https:\/\/portal.sma.gob.cl\/index.php\/wp-json\/wp\/v2\/categories?post=15854"},{"taxonomy":"post_tag","embeddable":true,"href":"https:\/\/portal.sma.gob.cl\/index.php\/wp-json\/wp\/v2\/tags?post=15854"}],"curies":[{"name":"wp","href":"https:\/\/api.w.org\/{rel}","templated":true}]}}