{"id":15855,"date":"2014-03-28T19:54:25","date_gmt":"2014-03-28T19:54:25","guid":{"rendered":"https:\/\/portal.sma.gob.cl\/index.php\/2014\/03\/28\/superintendente-visita-a-funcionarios-de-la-macro-zona-norte\/"},"modified":"2014-03-28T19:54:25","modified_gmt":"2014-03-28T19:54:25","slug":"superintendente-visita-a-funcionarios-de-la-macro-zona-norte","status":"publish","type":"post","link":"https:\/\/portal.sma.gob.cl\/index.php\/superintendente-visita-a-funcionarios-de-la-macro-zona-norte\/","title":{"rendered":"Superintendente visita oficina Macro Zonal de Antofagasta"},"content":{"rendered":"<p style=\"text-align: justify;\"><strong><img decoding=\"async\" class=\"size-auto size-full wp-image-15726\" src=\"https:\/\/portal.sma.gob.cl\/wp-content\/uploads\/2013\/09\/antofa-760.jpg\" alt=\"antofa-760\" width=\"760\" height=\"300\" \/><\/strong><\/p>\n<p style=\"text-align: justify;\"><strong>El Superintendente del Medio Ambiente (TP), Cristi\u00e1n, Franz comparti\u00f3 con el personal de la Oficina Macro Zonal de Antofagasta. En la ocasi\u00f3n, los funcionarios le explicaron la labor y metas logradas en 2013, y le plantearon los desaf\u00edos para este a\u00f1o.<\/strong><\/p>\n<p>  <!--more-->  <\/p>\n<p style=\"text-align: justify;\"><strong>Antofagasta, 25 de marzo de 2014.<\/strong> El Superintendente del Medio Ambiente (TP), Cristi\u00e1n Franz, visit\u00f3 al equipo de trabajo de la Macro Zona Norte (MZN), liderado por Mar\u00eda Isabel Reinoso.<\/p>\n<p style=\"text-align: justify;\">La cita se realiz\u00f3 el martes durante la ma\u00f1ana en la sede de la SMA de Antofagasta y se extendi\u00f3 por cerca de dos horas. En la ocasi\u00f3n, el equipo de la Macro Zona Norte integrado por fiscalizadores y funcionarias de las Regiones de Arica y Parinacota, Tarapac\u00e1, Antofagasta y Atacama, expuso a la autoridad el trabajo y las metas alcanzadas durante el a\u00f1o 2013, y le plante\u00f3 los desaf\u00edos para este a\u00f1o.<\/p>\n<p style=\"text-align: justify;\">Tambi\u00e9n le comentaron al Superintendente, los alcances de la ejecuci\u00f3n del Programa y Subprograma 2014-2014, el Programa de Cumplimiento de la Macro Zona, la atenci\u00f3n ciudadana y el trabajo con organismos sectoriales con competencia ambiental.<\/p>\n<p style=\"text-align: justify;\"><strong>Equipo s\u00f3lido<\/strong><\/p>\n<p style=\"text-align: justify;\">La reuni\u00f3n se inici\u00f3 con unas palabras del Superintendente (TP) Cristian Franz. \u201cQuiero expresarles que estoy muy entusiasmado en asumir este nuevo desaf\u00edo. La SMA tiene un equipo s\u00f3lido a nivel nacional y hay que seguir fortaleci\u00e9ndolo, para que desempe\u00f1e su funci\u00f3n de forma plena y acorde con los objetivos trazados por este organismo fiscalizador\u201d, sostuvo.<\/p>\n<p style=\"text-align: justify;\">Mar\u00eda Isabel Reinoso, Jefa de la Macro Zona Norte, en tanto, agradeci\u00f3 la presencia del Superintendente en la ciudad de Antofagasta. \u201cEsto permiti\u00f3 a todo el equipo dar a conocer las gestiones y esfuerzos desplegados en el primer a\u00f1o de funcionamiento para conocimiento de esta nueva administraci\u00f3n\u201d, se\u00f1al\u00f3.<\/p>\n<p style=\"text-align: justify;\">Los integrantes de la MZN, conversaron con la autoridad sobre la importancia de descentralizar las labores financieras y administrativas, las caracter\u00edsticas del trabajo de fiscalizaci\u00f3n en esta zona geogr\u00e1fica, y sobre las coordinaciones con el nivel central.<\/p>\n","protected":false},"excerpt":{"rendered":"<p>El Superintendente del Medio Ambiente (TP), Cristi\u00e1n, Franz comparti\u00f3 con el personal de la Oficina Macro Zonal de Antofagasta. En la ocasi\u00f3n, los funcionarios le explicaron la labor y metas logradas en 2013, y le plantearon los desaf\u00edos para este a\u00f1o.<\/p>\n","protected":false},"author":3,"featured_media":15726,"comment_status":"open","ping_status":"open","sticky":false,"template":"","format":"standard","meta":{"footnotes":""},"categories":[94],"tags":[],"class_list":["post-15855","post","type-post","status-publish","format-standard","has-post-thumbnail","hentry","category-notas-noticias"],"_links":{"self":[{"href":"https:\/\/portal.sma.gob.cl\/index.php\/wp-json\/wp\/v2\/posts\/15855","targetHints":{"allow":["GET"]}}],"collection":[{"href":"https:\/\/portal.sma.gob.cl\/index.php\/wp-json\/wp\/v2\/posts"}],"about":[{"href":"https:\/\/portal.sma.gob.cl\/index.php\/wp-json\/wp\/v2\/types\/post"}],"author":[{"embeddable":true,"href":"https:\/\/portal.sma.gob.cl\/index.php\/wp-json\/wp\/v2\/users\/3"}],"replies":[{"embeddable":true,"href":"https:\/\/portal.sma.gob.cl\/index.php\/wp-json\/wp\/v2\/comments?post=15855"}],"version-history":[{"count":0,"href":"https:\/\/portal.sma.gob.cl\/index.php\/wp-json\/wp\/v2\/posts\/15855\/revisions"}],"wp:featuredmedia":[{"embeddable":true,"href":"https:\/\/portal.sma.gob.cl\/index.php\/wp-json\/wp\/v2\/media\/15726"}],"wp:attachment":[{"href":"https:\/\/portal.sma.gob.cl\/index.php\/wp-json\/wp\/v2\/media?parent=15855"}],"wp:term":[{"taxonomy":"category","embeddable":true,"href":"https:\/\/portal.sma.gob.cl\/index.php\/wp-json\/wp\/v2\/categories?post=15855"},{"taxonomy":"post_tag","embeddable":true,"href":"https:\/\/portal.sma.gob.cl\/index.php\/wp-json\/wp\/v2\/tags?post=15855"}],"curies":[{"name":"wp","href":"https:\/\/api.w.org\/{rel}","templated":true}]}}