{"id":15857,"date":"2014-04-04T13:49:19","date_gmt":"2014-04-04T13:49:19","guid":{"rendered":"https:\/\/portal.sma.gob.cl\/index.php\/2014\/04\/04\/sma-levanta-informacion-sobre-posibles-danos-ambientales-tras-terremoto\/"},"modified":"2014-04-04T13:49:19","modified_gmt":"2014-04-04T13:49:19","slug":"sma-levanta-informacion-sobre-posibles-danos-ambientales-tras-terremoto","status":"publish","type":"post","link":"https:\/\/portal.sma.gob.cl\/index.php\/sma-levanta-informacion-sobre-posibles-danos-ambientales-tras-terremoto\/","title":{"rendered":"SMA levanta informaci\u00f3n sobre posibles da\u00f1os ambientales tras terremoto"},"content":{"rendered":"<p><strong><img decoding=\"async\" class=\"size-auto size-full wp-image-15856\" src=\"https:\/\/portal.sma.gob.cl\/wp-content\/uploads\/2014\/04\/760-2x-4-04-14.jpg\" alt=\"760-2x-4-04-14\" width=\"760\" height=\"300\" srcset=\"https:\/\/portal.sma.gob.cl\/wp-content\/uploads\/2014\/04\/760-2x-4-04-14-200x79.jpg 200w, https:\/\/portal.sma.gob.cl\/wp-content\/uploads\/2014\/04\/760-2x-4-04-14-300x118.jpg 300w, https:\/\/portal.sma.gob.cl\/wp-content\/uploads\/2014\/04\/760-2x-4-04-14-400x158.jpg 400w, https:\/\/portal.sma.gob.cl\/wp-content\/uploads\/2014\/04\/760-2x-4-04-14-600x237.jpg 600w, https:\/\/portal.sma.gob.cl\/wp-content\/uploads\/2014\/04\/760-2x-4-04-14.jpg 760w\" sizes=\"(max-width: 760px) 100vw, 760px\" \/><\/strong><\/p>\n<p style=\"text-align: justify;\"><strong>Tras el terremoto 8,2 escala Ritcher que afect\u00f3 al Norte Grande, la Superintendencia del Medio Ambiente (SMA) junto a la Seremi del ramo realizaron visitas en terreno a empresas que cuentan con Resoluci\u00f3n de Calificaci\u00f3n Ambiental en el radio urbano de Arica.<\/strong><\/p>\n<p>  <!--more-->  <\/p>\n<p style=\"text-align: justify;\"><strong>Arica, 4 de abril de 2014<\/strong>. Luego del fuerte terremoto 8,2 escala Ritcher que afect\u00f3 el pasado martes a la regi\u00f3n de Arica y Parinacota, el se\u00f1or Christian Rojo, fiscalizador de la SMA, junto al Seremi del ramo de esa regi\u00f3n, Renato Brice\u00f1o, realizaron ayer visitas en terreno a fin de levantar informaci\u00f3n sobre posibles da\u00f1os ambientales en empresas que cuentan con Resoluci\u00f3n de Calificaci\u00f3n Ambiental (RCA) en Arica.<\/p>\n<p style=\"text-align: justify;\">El Seremi Brice\u00f1o indic\u00f3 que \u201cno se trat\u00f3 de una visita de fiscalizaci\u00f3n, sino m\u00e1s bien una observaci\u00f3n general para levantar informaci\u00f3n sobre potenciales da\u00f1os ambientales\u201d.&nbsp;Estas visitas fueron instruidas y coordinadas por el ministro de Medio Ambiente, Pablo Badenier, y por el Superintendente, Cristi\u00e1n Franz.<\/p>\n<p style=\"text-align: justify;\">Mar\u00eda Isabel Reinoso, jefa de la Macro Zona Norte de la SMA, explic\u00f3 que se realiz\u00f3 esta visita primero en Arica, pues en esa zona ayer se hab\u00edan reestablecido la mayor\u00eda las operaciones de las empresas, aunque no todas estaban operativas. Las visitas en terreno se efectuaron en las empresas Golden Omega, Corpesca, Imerys, el Terminal Puerto Arica (TPA) y Somarco. \u201cEn los pr\u00f3ximos d\u00edas, y en la medida que no se presenten riesgos para nuestros funcionarios\/as ni para trabajadores\/as, realizaremos tambi\u00e9n visitas a las empresas de Iquique que cuentan con RCA\u201d, dijo Reinoso.<\/p>\n<p style=\"text-align: justify;\">Las visitas en la zona de Iquique ser\u00e1n realizadas por la jefa la Macro Zona Norte, Mar\u00eda Isabel Reinoso y el Seremi de Medio Ambiente de Tarapac\u00e1, Juan Carlos Liendo. Mientras tanto, la SMA ya est\u00e1 realizando solicitudes de informaci\u00f3n a titulares de RCA de la Regi\u00f3n de Tarpac\u00e1 para que informen si se produjeron incidentes ambientales producto del sismo.<\/p>\n","protected":false},"excerpt":{"rendered":"<p>Tras el terremoto 8,2 escala Ritcher que afect\u00f3 al Norte Grande, la Superintendencia del Medio Ambiente (SMA) junto a la Seremi del ramo realizaron visitas en terreno a empresas que cuentan con Resoluci\u00f3n de Calificaci\u00f3n Ambiental en el radio urbano de Arica.<\/p>\n","protected":false},"author":3,"featured_media":15856,"comment_status":"open","ping_status":"open","sticky":false,"template":"","format":"standard","meta":{"footnotes":""},"categories":[90],"tags":[],"class_list":["post-15857","post","type-post","status-publish","format-standard","has-post-thumbnail","hentry","category-comunicados-noticias"],"_links":{"self":[{"href":"https:\/\/portal.sma.gob.cl\/index.php\/wp-json\/wp\/v2\/posts\/15857","targetHints":{"allow":["GET"]}}],"collection":[{"href":"https:\/\/portal.sma.gob.cl\/index.php\/wp-json\/wp\/v2\/posts"}],"about":[{"href":"https:\/\/portal.sma.gob.cl\/index.php\/wp-json\/wp\/v2\/types\/post"}],"author":[{"embeddable":true,"href":"https:\/\/portal.sma.gob.cl\/index.php\/wp-json\/wp\/v2\/users\/3"}],"replies":[{"embeddable":true,"href":"https:\/\/portal.sma.gob.cl\/index.php\/wp-json\/wp\/v2\/comments?post=15857"}],"version-history":[{"count":0,"href":"https:\/\/portal.sma.gob.cl\/index.php\/wp-json\/wp\/v2\/posts\/15857\/revisions"}],"wp:featuredmedia":[{"embeddable":true,"href":"https:\/\/portal.sma.gob.cl\/index.php\/wp-json\/wp\/v2\/media\/15856"}],"wp:attachment":[{"href":"https:\/\/portal.sma.gob.cl\/index.php\/wp-json\/wp\/v2\/media?parent=15857"}],"wp:term":[{"taxonomy":"category","embeddable":true,"href":"https:\/\/portal.sma.gob.cl\/index.php\/wp-json\/wp\/v2\/categories?post=15857"},{"taxonomy":"post_tag","embeddable":true,"href":"https:\/\/portal.sma.gob.cl\/index.php\/wp-json\/wp\/v2\/tags?post=15857"}],"curies":[{"name":"wp","href":"https:\/\/api.w.org\/{rel}","templated":true}]}}