{"id":15859,"date":"2014-04-08T18:29:04","date_gmt":"2014-04-08T18:29:04","guid":{"rendered":"https:\/\/portal.sma.gob.cl\/index.php\/2014\/04\/08\/sma-y-seremi-del-medio-ambiente-visitan-empresas-de-iquique-tras-terremoto\/"},"modified":"2014-04-08T18:29:04","modified_gmt":"2014-04-08T18:29:04","slug":"sma-y-seremi-del-medio-ambiente-visitan-empresas-de-iquique-tras-terremoto","status":"publish","type":"post","link":"https:\/\/portal.sma.gob.cl\/index.php\/sma-y-seremi-del-medio-ambiente-visitan-empresas-de-iquique-tras-terremoto\/","title":{"rendered":"SMA y Seremi del Medio Ambiente visitan empresas de Iquique tras terremoto"},"content":{"rendered":"<p style=\"text-align: justify;\"><strong><img decoding=\"async\" class=\"size-auto size-full wp-image-15858\" src=\"https:\/\/portal.sma.gob.cl\/wp-content\/uploads\/2014\/04\/760-8-4-04-14.jpg\" alt=\"760-8-4-04-14\" width=\"760\" height=\"300\" srcset=\"https:\/\/portal.sma.gob.cl\/wp-content\/uploads\/2014\/04\/760-8-4-04-14-200x79.jpg 200w, https:\/\/portal.sma.gob.cl\/wp-content\/uploads\/2014\/04\/760-8-4-04-14-300x118.jpg 300w, https:\/\/portal.sma.gob.cl\/wp-content\/uploads\/2014\/04\/760-8-4-04-14-400x158.jpg 400w, https:\/\/portal.sma.gob.cl\/wp-content\/uploads\/2014\/04\/760-8-4-04-14-600x237.jpg 600w, https:\/\/portal.sma.gob.cl\/wp-content\/uploads\/2014\/04\/760-8-4-04-14.jpg 760w\" sizes=\"(max-width: 760px) 100vw, 760px\" \/><\/strong><\/p>\n<p style=\"text-align: justify;\"><strong>Empresas de Iquique con RCA, fueron inspeccionadas por posibles da\u00f1os ambientales, tras el terremoto de 8,2\u00b0 escala Richter que afect\u00f3 al norte del pa\u00eds.<\/strong><\/p>\n<p>  <!--more-->  <\/p>\n<p style=\"text-align: justify;\"><strong>Iquique, 8 de abril de 2014.<\/strong> Luego del hist\u00f3rico terremoto ocurrido el d\u00eda martes 01 de abril y tras la fuerte r\u00e9plica del d\u00eda siguiente, la Jefa de la Macrozona Norte de la Superintendencia del Medio Ambiente (SMA), Mar\u00eda Isabel Reinoso y Tamara Gonzalez, fiscalizadora Regional, realizaron una visita extraordinaria junto al Seremi del Medio Ambiente, Juan Carlos Liendo, a instalaciones de empresas que cuentan con Resoluci\u00f3n de Calificaci\u00f3n Ambiental (RCA), ubicadas principalmente en el borde costero, y cercanas al radio urbano de la ciudad de Iquique, para verificar existencia de posibles contingencias ambientales a ra\u00edz del terremoto, que pudiesen significar riesgo a la poblaci\u00f3n.<\/p>\n<p style=\"text-align: justify;\">\u201cFue una visita espec\u00edfica realizada a diversas empresas, sin constituir una fiscalizaci\u00f3n propiamente tal, sino que se observ\u00f3 de forma general, para levantar informaci\u00f3n, priorizando las industrias que se encuentran m\u00e1s cercanas a zonas urbanas\u201d, detall\u00f3 el Seremi del Medio Ambiente, Juan Carlos Liendo.<\/p>\n<h2 style=\"text-align: justify;\">Visitas realizadas<\/h2>\n<p style=\"text-align: justify;\">Afortunadamente, indic\u00f3 la Jefa de la Macrozona Norte de la SMA, Mar\u00eda Isabel Reinoso, \u201cno identificamos ning\u00fan problema mayor y se inform\u00f3 que ciertas instalaciones fueron detenidas al momento en que ocurri\u00f3 el terremoto, algunas se encuentran actualmente en etapas de limpieza y mantenci\u00f3n, mientras que otras, ya han podido volver a operar\u201d.<\/p>\n<p style=\"text-align: justify;\">En tanto, el Seremi Juan Carlos Liendo, explic\u00f3 que, en el marco de la visita, sostuvo una reuni\u00f3n con la Gobernaci\u00f3n Mar\u00edtima, organismo que est\u00e1 solicitando informaci\u00f3n pertinente a titulares de RCA en la Regi\u00f3n, para que reporten posibles incidentes ambientales producto del sismo, medida que tambi\u00e9n fue adoptada por la SMA. Adem\u00e1s expres\u00f3 que estas visitas, fueron instruidas por el Ministro del Medio Ambiente, Pablo Badenier y el Superintendente, Cristi\u00e1n Franz.<\/p>\n<p style=\"text-align: justify;\">Las visitas en terreno se realizaron a instalaciones ubicadas en: Puerto de Iquique, Puerto Patache, Plantas de Tratamiento Aguas del Altiplano en Alto Hospicio, Caleta Chanavayita y Sector Industrial de Iquique. No obstante, la Jefa de Macrozona Norte, asegur\u00f3 que la Superintendencia del Medio Ambiente se encuentra constantemente fiscalizando a las empresas de la Regi\u00f3n, a\u00f1adiendo que, \u201ccualquier hecho del que tomemos conocimiento en el marco de estas visitas y que constituya incumplimiento a instrumentos de gesti\u00f3n ambiental, va a ser investigado\u201d.<\/p>\n","protected":false},"excerpt":{"rendered":"<p>Empresas de Iquique con RCA, fueron inspeccionadas por posibles da\u00f1os ambientales, tras el terremoto de 8,2\u00b0 escala Richter que afect\u00f3 al norte del pa\u00eds.<\/p>\n","protected":false},"author":3,"featured_media":15858,"comment_status":"open","ping_status":"open","sticky":false,"template":"","format":"standard","meta":{"footnotes":""},"categories":[90],"tags":[],"class_list":["post-15859","post","type-post","status-publish","format-standard","has-post-thumbnail","hentry","category-comunicados-noticias"],"_links":{"self":[{"href":"https:\/\/portal.sma.gob.cl\/index.php\/wp-json\/wp\/v2\/posts\/15859","targetHints":{"allow":["GET"]}}],"collection":[{"href":"https:\/\/portal.sma.gob.cl\/index.php\/wp-json\/wp\/v2\/posts"}],"about":[{"href":"https:\/\/portal.sma.gob.cl\/index.php\/wp-json\/wp\/v2\/types\/post"}],"author":[{"embeddable":true,"href":"https:\/\/portal.sma.gob.cl\/index.php\/wp-json\/wp\/v2\/users\/3"}],"replies":[{"embeddable":true,"href":"https:\/\/portal.sma.gob.cl\/index.php\/wp-json\/wp\/v2\/comments?post=15859"}],"version-history":[{"count":0,"href":"https:\/\/portal.sma.gob.cl\/index.php\/wp-json\/wp\/v2\/posts\/15859\/revisions"}],"wp:featuredmedia":[{"embeddable":true,"href":"https:\/\/portal.sma.gob.cl\/index.php\/wp-json\/wp\/v2\/media\/15858"}],"wp:attachment":[{"href":"https:\/\/portal.sma.gob.cl\/index.php\/wp-json\/wp\/v2\/media?parent=15859"}],"wp:term":[{"taxonomy":"category","embeddable":true,"href":"https:\/\/portal.sma.gob.cl\/index.php\/wp-json\/wp\/v2\/categories?post=15859"},{"taxonomy":"post_tag","embeddable":true,"href":"https:\/\/portal.sma.gob.cl\/index.php\/wp-json\/wp\/v2\/tags?post=15859"}],"curies":[{"name":"wp","href":"https:\/\/api.w.org\/{rel}","templated":true}]}}