{"id":15861,"date":"2014-04-09T20:26:55","date_gmt":"2014-04-09T20:26:55","guid":{"rendered":"https:\/\/portal.sma.gob.cl\/index.php\/2014\/04\/09\/sma-asiste-a-encuentro-internacional-sobre-evaluacion-de-impacto-ambiental-en-vina-del-mar\/"},"modified":"2014-04-09T20:26:55","modified_gmt":"2014-04-09T20:26:55","slug":"sma-asiste-a-encuentro-internacional-sobre-evaluacion-de-impacto-ambiental-en-vina-del-mar","status":"publish","type":"post","link":"https:\/\/portal.sma.gob.cl\/index.php\/sma-asiste-a-encuentro-internacional-sobre-evaluacion-de-impacto-ambiental-en-vina-del-mar\/","title":{"rendered":"SMA asiste a encuentro internacional en Vi\u00f1a del Mar"},"content":{"rendered":"<p style=\"text-align: justify; line-height: 11.85pt;\"><strong><img decoding=\"async\" class=\"size-auto size-full wp-image-15860\" src=\"https:\/\/portal.sma.gob.cl\/wp-content\/uploads\/2014\/04\/760-10-04-14.jpg\" alt=\"760-10-04-14\" width=\"760\" height=\"300\" srcset=\"https:\/\/portal.sma.gob.cl\/wp-content\/uploads\/2014\/04\/760-10-04-14-200x79.jpg 200w, https:\/\/portal.sma.gob.cl\/wp-content\/uploads\/2014\/04\/760-10-04-14-300x118.jpg 300w, https:\/\/portal.sma.gob.cl\/wp-content\/uploads\/2014\/04\/760-10-04-14-400x158.jpg 400w, https:\/\/portal.sma.gob.cl\/wp-content\/uploads\/2014\/04\/760-10-04-14-600x237.jpg 600w, https:\/\/portal.sma.gob.cl\/wp-content\/uploads\/2014\/04\/760-10-04-14.jpg 760w\" sizes=\"(max-width: 760px) 100vw, 760px\" \/><\/strong><\/p>\n<p style=\"text-align: justify; line-height: 11.85pt;\"><strong><strong style=\"line-height: 15.800000190734863px; text-align: justify;\">El Superintendente del Medio Ambiente (TP), Cristi\u00e1n Franz, asisti\u00f3 a la inauguraci\u00f3n de la&nbsp;<\/strong>34\u00b0 Conferencia Mundial de Evaluaci\u00f3n de Impacto para el Desarrollo Social y Econ\u00f3mico (IAIA). Profesionales de la SMA realizar\u00e1n exposiciones en el evento.<\/strong><\/p>\n<p>  <!--more-->  <\/p>\n<p style=\"text-align: justify;\"><strong style=\"line-height: 1.3em;\">08 de abril de 2014.<\/strong> El Superintendente del Medio Ambiente (TP), Cristi\u00e1n Franz, asisti\u00f3 ayer a la inauguraci\u00f3n de la 34\u00b0 Conferencia Mundial de Evaluaci\u00f3n de Impacto para el Desarrollo Social y Econ\u00f3mico (IAIA), que se realiza esta semana en el Centro de Eventos del Casino Municipal de Vi\u00f1a del Mar.<\/p>\n<p style=\"text-align: justify;\">Los principales expertos mundiales en evaluaci\u00f3n de impacto ambiental se reunieron por primera vez en nuestro pa\u00eds, con el fin de compartir las mejores pr\u00e1cticas y experiencias en la materia.<\/p>\n<p style=\"text-align: justify;\">IAIA es la red mundial l\u00edder de las mejores pr\u00e1cticas para la evaluaci\u00f3n de impacto ambiental para la toma de decisiones, y cuenta con m\u00e1s de 1.800 miembros en m\u00e1s de 120 naciones.<\/p>\n<p style=\"text-align: justify;\">La actividad fue inaugurada este martes por el ministro del Medio Ambiente, Pablo Badenier; el director del Servicio de Evaluaci\u00f3n Ambiental (SEA), Jorge Troncoso; y la alcaldesa de Vi\u00f1a del Mar, Virginia Reginato. Por parte de IAIA asisti\u00f3 su directorio, encabezado por su presidente Greg Radford; su directora ejecutiva, Jill Baker y el presidente electo de IAIA Miguel Coutinho.<\/p>\n<p style=\"text-align: justify;\">El ministro Badenier se\u00f1al\u00f3 que este tipo de instancias resultan trascendentales para lograr intercambios de conocimiento, ideas, experiencia, mejores pr\u00e1cticas y conceptos t\u00e9cnicos, entre profesionales del mundo p\u00fablico y privado. Esto, dijo, con el fin avanzar en c\u00f3mo incluir en la evaluaci\u00f3n de impacto la variable ambiental y las formas innovadoras para promover el desarrollo social y econ\u00f3mico, mejorando de esta manera la calidad de vida de las personas.<\/p>\n<p style=\"text-align: justify;\">El Superintendente Franz valor\u00f3 la realizaci\u00f3n de este evento en Chile, y explic\u00f3 que durante la semana distintos profesionales de la SMA realizar\u00e1n exposiciones en el marco de la Conferencia, pues si bien la Superintendencia no est\u00e1 a cargo de la evaluaci\u00f3n de proyectos, s\u00ed recibe el fruto de la evaluaci\u00f3n a trav\u00e9s de las Resoluciones de Calificaci\u00f3n Ambiental (RCA), instrumento que la SMA debe fiscalizar.<\/p>\n","protected":false},"excerpt":{"rendered":"<p>El Superintendente del Medio Ambiente (TP), Cristi\u00e1n Franz, asisti\u00f3 a la inauguraci\u00f3n de la&nbsp;34\u00b0 Conferencia Mundial de Evaluaci\u00f3n de Impacto para el Desarrollo Social y Econ\u00f3mico (IAIA). Profesionales de la SMA realizar\u00e1n exposiciones en el evento.<\/p>\n","protected":false},"author":3,"featured_media":15860,"comment_status":"open","ping_status":"open","sticky":false,"template":"","format":"standard","meta":{"footnotes":""},"categories":[94],"tags":[],"class_list":["post-15861","post","type-post","status-publish","format-standard","has-post-thumbnail","hentry","category-notas-noticias"],"_links":{"self":[{"href":"https:\/\/portal.sma.gob.cl\/index.php\/wp-json\/wp\/v2\/posts\/15861","targetHints":{"allow":["GET"]}}],"collection":[{"href":"https:\/\/portal.sma.gob.cl\/index.php\/wp-json\/wp\/v2\/posts"}],"about":[{"href":"https:\/\/portal.sma.gob.cl\/index.php\/wp-json\/wp\/v2\/types\/post"}],"author":[{"embeddable":true,"href":"https:\/\/portal.sma.gob.cl\/index.php\/wp-json\/wp\/v2\/users\/3"}],"replies":[{"embeddable":true,"href":"https:\/\/portal.sma.gob.cl\/index.php\/wp-json\/wp\/v2\/comments?post=15861"}],"version-history":[{"count":0,"href":"https:\/\/portal.sma.gob.cl\/index.php\/wp-json\/wp\/v2\/posts\/15861\/revisions"}],"wp:featuredmedia":[{"embeddable":true,"href":"https:\/\/portal.sma.gob.cl\/index.php\/wp-json\/wp\/v2\/media\/15860"}],"wp:attachment":[{"href":"https:\/\/portal.sma.gob.cl\/index.php\/wp-json\/wp\/v2\/media?parent=15861"}],"wp:term":[{"taxonomy":"category","embeddable":true,"href":"https:\/\/portal.sma.gob.cl\/index.php\/wp-json\/wp\/v2\/categories?post=15861"},{"taxonomy":"post_tag","embeddable":true,"href":"https:\/\/portal.sma.gob.cl\/index.php\/wp-json\/wp\/v2\/tags?post=15861"}],"curies":[{"name":"wp","href":"https:\/\/api.w.org\/{rel}","templated":true}]}}