{"id":15863,"date":"2014-04-14T21:19:40","date_gmt":"2014-04-14T21:19:40","guid":{"rendered":"https:\/\/portal.sma.gob.cl\/index.php\/2014\/04\/14\/expertos-de-la-sma-expusieron-en-conferencia-mundial-de-impacto-ambiental\/"},"modified":"2014-04-14T21:19:40","modified_gmt":"2014-04-14T21:19:40","slug":"expertos-de-la-sma-expusieron-en-conferencia-mundial-de-impacto-ambiental","status":"publish","type":"post","link":"https:\/\/portal.sma.gob.cl\/index.php\/expertos-de-la-sma-expusieron-en-conferencia-mundial-de-impacto-ambiental\/","title":{"rendered":"Expertos de la SMA expusieron en Conferencia Mundial de Impacto Ambiental"},"content":{"rendered":"<p style=\"text-align: justify;\"><strong><img decoding=\"async\" class=\"size-auto size-full wp-image-15862\" src=\"https:\/\/portal.sma.gob.cl\/wp-content\/uploads\/2014\/04\/760.1x-14-04-14.jpg\" alt=\"760.1x-14-04-14\" width=\"760\" height=\"300\" srcset=\"https:\/\/portal.sma.gob.cl\/wp-content\/uploads\/2014\/04\/760.1x-14-04-14-200x79.jpg 200w, https:\/\/portal.sma.gob.cl\/wp-content\/uploads\/2014\/04\/760.1x-14-04-14-300x118.jpg 300w, https:\/\/portal.sma.gob.cl\/wp-content\/uploads\/2014\/04\/760.1x-14-04-14-400x158.jpg 400w, https:\/\/portal.sma.gob.cl\/wp-content\/uploads\/2014\/04\/760.1x-14-04-14-600x237.jpg 600w, https:\/\/portal.sma.gob.cl\/wp-content\/uploads\/2014\/04\/760.1x-14-04-14.jpg 760w\" sizes=\"(max-width: 760px) 100vw, 760px\" \/><\/strong><\/p>\n<p style=\"text-align: justify;\"><strong>En el evento realizado la semana pasada en Vi\u00f1a del Mar, participaron once funcionarios de la Superintendencia del Medio Ambiente (SMA),&nbsp; donde interactuaron con los principales expertos mundiales en impactos ambientales.<\/strong><\/p>\n<p>  <!--more-->  <\/p>\n<p style=\"text-align: justify;\">&nbsp;<\/p>\n<p style=\"text-align: justify;\"><strong>Santiago, 11 de abril de 2014. <\/strong>&nbsp;Once funcionarios de la SMA participaron de la 34\u00aa Conferencia Mundial sobre la de Evaluaci\u00f3n de Impactos para el Desarrollo Social y Econ\u00f3mico (IAIA 2014), en cuya inauguraci\u00f3n participaron el ministro del Medio Ambiente, Pablo Badenier, el director ejecutivo del Servicio de Evaluaci\u00f3n Ambiental (SEA), Jorge Troncoso y el Superintendente del Medio Ambiente, Cristi\u00e1n Franz.&nbsp;<\/p>\n<p style=\"text-align: justify;\">En el evento realizado en Vi\u00f1a del Mar la semana pasada, la delegaci\u00f3n de la SMA pudo interactuar con los principales expertos mundiales en evaluaci\u00f3n de impacto ambiental, compartiendo experiencias y pr\u00e1cticas en la materia.<\/p>\n<p style=\"text-align: justify;\">En la instancia, funcionarios de la Divisi\u00f3n de Fiscalizaci\u00f3n y de la Unidad de Instrucci\u00f3n de Procedimientos Sancionatorios (UIPS) realizaron exposiciones de los papers \u201cModelaci\u00f3n y lineamientos de impactos ambientales en acu\u00edferos\u201d; \u201cDesaf\u00edos para la implementaci\u00f3n de variables socio-ambientales en la fiscalizaci\u00f3n de proyectos de inversi\u00f3n\u201d; \u201cCreaci\u00f3n de la red sudamericana de fiscalizaci\u00f3n y cumplimiento ambiental\u201d;&nbsp; \u201cUso de herramientas de percepci\u00f3n remota en&nbsp; los procedimientos de fiscalizaci\u00f3n ambiental\u201d; y \u201cEstructura del procedimiento sancionador de la Superintendencia\u201d en los distintos foros y&nbsp; desarrollados durante la actividad.<\/p>\n<p style=\"text-align: justify;\">En la cita participaron m\u00e1s de 800 personas de diferentes pa\u00edses, que forman parte de la Asociaci\u00f3n Internacional de Evaluaci\u00f3n del Impacto Ambiental (IAIA), quienes analizaron distintas herramientas y metodolog\u00edas innovadoras para promover el desarrollo social, econ\u00f3mico y ambiental en las evaluaciones ambientales que se desarrollan a nivel mundial.&nbsp;<\/p>\n","protected":false},"excerpt":{"rendered":"<p>En el evento realizado la semana pasada en Vi\u00f1a del Mar, participaron once funcionarios de la Superintendencia del Medio Ambiente (SMA),&nbsp; donde interactuaron con los principales expertos mundiales en impactos ambientales.<\/p>\n","protected":false},"author":3,"featured_media":15862,"comment_status":"open","ping_status":"open","sticky":false,"template":"","format":"standard","meta":{"footnotes":""},"categories":[94],"tags":[],"class_list":["post-15863","post","type-post","status-publish","format-standard","has-post-thumbnail","hentry","category-notas-noticias"],"_links":{"self":[{"href":"https:\/\/portal.sma.gob.cl\/index.php\/wp-json\/wp\/v2\/posts\/15863","targetHints":{"allow":["GET"]}}],"collection":[{"href":"https:\/\/portal.sma.gob.cl\/index.php\/wp-json\/wp\/v2\/posts"}],"about":[{"href":"https:\/\/portal.sma.gob.cl\/index.php\/wp-json\/wp\/v2\/types\/post"}],"author":[{"embeddable":true,"href":"https:\/\/portal.sma.gob.cl\/index.php\/wp-json\/wp\/v2\/users\/3"}],"replies":[{"embeddable":true,"href":"https:\/\/portal.sma.gob.cl\/index.php\/wp-json\/wp\/v2\/comments?post=15863"}],"version-history":[{"count":0,"href":"https:\/\/portal.sma.gob.cl\/index.php\/wp-json\/wp\/v2\/posts\/15863\/revisions"}],"wp:featuredmedia":[{"embeddable":true,"href":"https:\/\/portal.sma.gob.cl\/index.php\/wp-json\/wp\/v2\/media\/15862"}],"wp:attachment":[{"href":"https:\/\/portal.sma.gob.cl\/index.php\/wp-json\/wp\/v2\/media?parent=15863"}],"wp:term":[{"taxonomy":"category","embeddable":true,"href":"https:\/\/portal.sma.gob.cl\/index.php\/wp-json\/wp\/v2\/categories?post=15863"},{"taxonomy":"post_tag","embeddable":true,"href":"https:\/\/portal.sma.gob.cl\/index.php\/wp-json\/wp\/v2\/tags?post=15863"}],"curies":[{"name":"wp","href":"https:\/\/api.w.org\/{rel}","templated":true}]}}