{"id":15865,"date":"2014-04-21T13:03:13","date_gmt":"2014-04-21T13:03:13","guid":{"rendered":"https:\/\/portal.sma.gob.cl\/index.php\/2014\/04\/21\/sma-coordina-fiscalizacion-del-plan-de-descontaminacion-de-temuco-y-padre-las-casas\/"},"modified":"2014-04-21T13:03:13","modified_gmt":"2014-04-21T13:03:13","slug":"sma-coordina-fiscalizacion-del-plan-de-descontaminacion-de-temuco-y-padre-las-casas","status":"publish","type":"post","link":"https:\/\/portal.sma.gob.cl\/index.php\/sma-coordina-fiscalizacion-del-plan-de-descontaminacion-de-temuco-y-padre-las-casas\/","title":{"rendered":"SMA coordina  fiscalizaci\u00f3n del  Plan de Descontaminaci\u00f3n de Temuco y Padre las Casas"},"content":{"rendered":"<p style=\"text-align: justify;\"><strong><img decoding=\"async\" class=\"size-auto size-full wp-image-15864\" src=\"https:\/\/portal.sma.gob.cl\/wp-content\/uploads\/2014\/04\/760x-21-04-14.jpg\" alt=\"760x-21-04-14\" width=\"760\" height=\"300\" srcset=\"https:\/\/portal.sma.gob.cl\/wp-content\/uploads\/2014\/04\/760x-21-04-14-200x79.jpg 200w, https:\/\/portal.sma.gob.cl\/wp-content\/uploads\/2014\/04\/760x-21-04-14-300x118.jpg 300w, https:\/\/portal.sma.gob.cl\/wp-content\/uploads\/2014\/04\/760x-21-04-14-400x158.jpg 400w, https:\/\/portal.sma.gob.cl\/wp-content\/uploads\/2014\/04\/760x-21-04-14-600x237.jpg 600w, https:\/\/portal.sma.gob.cl\/wp-content\/uploads\/2014\/04\/760x-21-04-14.jpg 760w\" sizes=\"(max-width: 760px) 100vw, 760px\" \/><\/strong><\/p>\n<p style=\"text-align: justify;\"><strong>Funcionarios de la Superintendencia de Medio Ambiente (SMA), en una sala del SEA, sostuvieron una reuni\u00f3n&nbsp;<\/strong><strong style=\"line-height: 1.3em;\">con organismos encargados de ejecutar el Subprograma de Fiscalizaci\u00f3n Ambiental de medidas contempladas en este Plan de Descontaminaci\u00f3n.<\/strong><\/p>\n<p>  <!--more-->  <\/p>\n<p style=\"text-align: justify;\">&nbsp;<\/p>\n<p style=\"text-align: justify;\"><strong style=\"line-height: 1.3em;\">Temuco, 16 de abril de 2014<\/strong><span style=\"line-height: 1.3em;\">. En dependencias del Servicio de Evaluaci\u00f3n Ambiental (SEA), la Superintendencia de Medio Ambiente (SMA) sostuvo una importante reuni\u00f3n de coordinaci\u00f3n con los principales organismos encargados de ejecutar el Subprograma de Fiscalizaci\u00f3n Ambiental de las medidas contempladas en el Plan de Descontaminaci\u00f3n para las comunas de Temuco y Padre Las Casas.<\/span><\/p>\n<p style=\"text-align: justify;\">A la instancia asistieron el Seremi de Medio Ambiente de la Araucan\u00eda, Marco Pichunman; El Seremi de Salud de la Regi\u00f3n, Carlos Gonzalez; el Prefecto de Carabineros de la Provincia de Caut\u00edn, coronel Oscar Oetiinger; adem\u00e1s de representantes de la Corporaci\u00f3n Nacional Forestal (Conaf), del Servicio de Impuestos Internos (SII), y de las Municipalidades de Temuco y Padre Las Casas.<\/p>\n<p style=\"text-align: justify;\">En la cita, el Jefe de la Macrozona Sur de la SMA, Eduardo Rodr\u00edguez, junto a los profesionales de la Divisi\u00f3n de Fiscalizaci\u00f3n especializados en PDA y contaminaci\u00f3n atmosf\u00e9rica, Mar\u00eda de los Angeles Hanne y Felipe Loaiza, expusieron a los asistentes los resultados de la fiscalizaci\u00f3n realizada el a\u00f1o 2013, como tambi\u00e9n las metas y estrategias para las actividades que se realizar\u00e1n en 2014.<\/p>\n<p style=\"text-align: justify;\">Cabe destacar que a contar del 28 de diciembre del a\u00f1o 2012, la SMA es la entidad encargada de organizar, y coordinar la fiscalizaci\u00f3n de los Planes de Prevenci\u00f3n, y Descontaminaci\u00f3n vigentes en el pa\u00eds, la que se materializa mediante actividades programadas y subprogramadas a cargo de los organismos con competencia ambiental.<\/p>\n<p style=\"text-align: justify;\">El Jefe de la Macrozona Sur, Eduardo Rodr\u00edguez, calific\u00f3 la reuni\u00f3n \u201ccomo una instancia muy fruct\u00edfera que nos permite elaborar una adecuada estrategia de fiscalizaci\u00f3n, tanto a partir, de la experiencia de los organismos, como tambi\u00e9n de las particularidades de la regi\u00f3n de la Araucan\u00eda\u201d.<\/p>\n","protected":false},"excerpt":{"rendered":"<p>Funcionarios de la Superintendencia de Medio Ambiente (SMA), en una sala del SEA, sostuvieron una reuni\u00f3n&nbsp;con organismos encargados de ejecutar el Subprograma de Fiscalizaci\u00f3n Ambiental de medidas contempladas en este Plan de Descontaminaci\u00f3n.<\/p>\n","protected":false},"author":3,"featured_media":15864,"comment_status":"open","ping_status":"open","sticky":false,"template":"","format":"standard","meta":{"footnotes":""},"categories":[90],"tags":[],"class_list":["post-15865","post","type-post","status-publish","format-standard","has-post-thumbnail","hentry","category-comunicados-noticias"],"_links":{"self":[{"href":"https:\/\/portal.sma.gob.cl\/index.php\/wp-json\/wp\/v2\/posts\/15865","targetHints":{"allow":["GET"]}}],"collection":[{"href":"https:\/\/portal.sma.gob.cl\/index.php\/wp-json\/wp\/v2\/posts"}],"about":[{"href":"https:\/\/portal.sma.gob.cl\/index.php\/wp-json\/wp\/v2\/types\/post"}],"author":[{"embeddable":true,"href":"https:\/\/portal.sma.gob.cl\/index.php\/wp-json\/wp\/v2\/users\/3"}],"replies":[{"embeddable":true,"href":"https:\/\/portal.sma.gob.cl\/index.php\/wp-json\/wp\/v2\/comments?post=15865"}],"version-history":[{"count":0,"href":"https:\/\/portal.sma.gob.cl\/index.php\/wp-json\/wp\/v2\/posts\/15865\/revisions"}],"wp:featuredmedia":[{"embeddable":true,"href":"https:\/\/portal.sma.gob.cl\/index.php\/wp-json\/wp\/v2\/media\/15864"}],"wp:attachment":[{"href":"https:\/\/portal.sma.gob.cl\/index.php\/wp-json\/wp\/v2\/media?parent=15865"}],"wp:term":[{"taxonomy":"category","embeddable":true,"href":"https:\/\/portal.sma.gob.cl\/index.php\/wp-json\/wp\/v2\/categories?post=15865"},{"taxonomy":"post_tag","embeddable":true,"href":"https:\/\/portal.sma.gob.cl\/index.php\/wp-json\/wp\/v2\/tags?post=15865"}],"curies":[{"name":"wp","href":"https:\/\/api.w.org\/{rel}","templated":true}]}}