{"id":15867,"date":"2014-04-21T18:49:20","date_gmt":"2014-04-21T18:49:20","guid":{"rendered":"https:\/\/portal.sma.gob.cl\/index.php\/2014\/04\/21\/comienza-encuentro-anual-de-fiscalizadores\/"},"modified":"2014-04-21T18:49:20","modified_gmt":"2014-04-21T18:49:20","slug":"comienza-encuentro-anual-de-fiscalizadores","status":"publish","type":"post","link":"https:\/\/portal.sma.gob.cl\/index.php\/comienza-encuentro-anual-de-fiscalizadores\/","title":{"rendered":"Comienza encuentro anual de fiscalizadores"},"content":{"rendered":"<p style=\"text-align: justify;\">&nbsp;<\/p>\n<p style=\"text-align: justify;\"><img decoding=\"async\" class=\"size-auto size-full wp-image-15866\" src=\"https:\/\/portal.sma.gob.cl\/wp-content\/uploads\/2014\/04\/760.2x-21-04-14.jpg\" alt=\"760.2x-21-04-14\" width=\"760\" height=\"300\" srcset=\"https:\/\/portal.sma.gob.cl\/wp-content\/uploads\/2014\/04\/760.2x-21-04-14-200x79.jpg 200w, https:\/\/portal.sma.gob.cl\/wp-content\/uploads\/2014\/04\/760.2x-21-04-14-300x118.jpg 300w, https:\/\/portal.sma.gob.cl\/wp-content\/uploads\/2014\/04\/760.2x-21-04-14-400x158.jpg 400w, https:\/\/portal.sma.gob.cl\/wp-content\/uploads\/2014\/04\/760.2x-21-04-14-600x237.jpg 600w, https:\/\/portal.sma.gob.cl\/wp-content\/uploads\/2014\/04\/760.2x-21-04-14.jpg 760w\" sizes=\"(max-width: 760px) 100vw, 760px\" \/><br \/><strong>En dependencias de la Superintendencia del Medio Ambiente (SMA) en Santiago, se dio inicio hoy a la jornada anual que convoca a los profesionales de la Divisi\u00f3n de Fiscalizaci\u00f3n.<\/strong><\/p>\n<p>  <!--more-->  <\/p>\n<p style=\"text-align: justify;\"><strong style=\"line-height: 1.3em;\">Santiago, 21 de abril de 2014.<\/strong><span style=\"line-height: 1.3em;\"> En las oficinas de Santiago de la Superintendencia del Medio Ambiente (SMA) se dio inicio al primer encuentro de fiscalizadores del organismo del a\u00f1o 2014. El Superintendente (TP), Cristi\u00e1n Franz, dio la bienvenida a todos los profesionales de la Divisi\u00f3n de Fiscalizaci\u00f3n, quienes participar\u00e1n durante toda esta semana en dicho encuentro.<\/span><\/p>\n<p style=\"text-align: justify;\">En la instancia los profesionales de fiscalizaci\u00f3n de la SMA a nivel nacional participan en talleres, capacitaciones y charlas especializadas. La agenda del programa incluye la participaci\u00f3n de las distintas divisiones y unidades de la SMA, con el fin de coordinar el trabajo que se realiza conjuntamente.<\/p>\n<p style=\"text-align: justify;\">La reuni\u00f3n permitir\u00e1 revisar los procesos que ha llevado a cabo la Superintendencia durante 2013; aprender de los procesos y proponer mejoras, por ejemplo, a las Inspecciones Ambientales y la elaboraci\u00f3n de Informes T\u00e9cnicos, as\u00ed como tambi\u00e9n la revisi\u00f3n de Actividades de Seguimiento y otros instrumentos que son parte de las facultades fiscalizadoras de la SMA.<\/p>\n","protected":false},"excerpt":{"rendered":"<p>&nbsp; En dependencias de la Superintendencia del Medio Ambiente (SMA) en Santiago, se dio inicio hoy a la jornada anual que convoca a los profesionales de la Divisi\u00f3n de Fiscalizaci\u00f3n.<\/p>\n","protected":false},"author":3,"featured_media":15866,"comment_status":"open","ping_status":"open","sticky":false,"template":"","format":"standard","meta":{"footnotes":""},"categories":[94],"tags":[],"class_list":["post-15867","post","type-post","status-publish","format-standard","has-post-thumbnail","hentry","category-notas-noticias"],"_links":{"self":[{"href":"https:\/\/portal.sma.gob.cl\/index.php\/wp-json\/wp\/v2\/posts\/15867","targetHints":{"allow":["GET"]}}],"collection":[{"href":"https:\/\/portal.sma.gob.cl\/index.php\/wp-json\/wp\/v2\/posts"}],"about":[{"href":"https:\/\/portal.sma.gob.cl\/index.php\/wp-json\/wp\/v2\/types\/post"}],"author":[{"embeddable":true,"href":"https:\/\/portal.sma.gob.cl\/index.php\/wp-json\/wp\/v2\/users\/3"}],"replies":[{"embeddable":true,"href":"https:\/\/portal.sma.gob.cl\/index.php\/wp-json\/wp\/v2\/comments?post=15867"}],"version-history":[{"count":0,"href":"https:\/\/portal.sma.gob.cl\/index.php\/wp-json\/wp\/v2\/posts\/15867\/revisions"}],"wp:featuredmedia":[{"embeddable":true,"href":"https:\/\/portal.sma.gob.cl\/index.php\/wp-json\/wp\/v2\/media\/15866"}],"wp:attachment":[{"href":"https:\/\/portal.sma.gob.cl\/index.php\/wp-json\/wp\/v2\/media?parent=15867"}],"wp:term":[{"taxonomy":"category","embeddable":true,"href":"https:\/\/portal.sma.gob.cl\/index.php\/wp-json\/wp\/v2\/categories?post=15867"},{"taxonomy":"post_tag","embeddable":true,"href":"https:\/\/portal.sma.gob.cl\/index.php\/wp-json\/wp\/v2\/tags?post=15867"}],"curies":[{"name":"wp","href":"https:\/\/api.w.org\/{rel}","templated":true}]}}