{"id":15871,"date":"2014-04-25T19:02:06","date_gmt":"2014-04-25T19:02:06","guid":{"rendered":"https:\/\/portal.sma.gob.cl\/index.php\/2014\/04\/25\/concluye-encuentro-de-fiscalizadores-de-la-sma\/"},"modified":"2014-04-25T19:02:06","modified_gmt":"2014-04-25T19:02:06","slug":"concluye-encuentro-de-fiscalizadores-de-la-sma","status":"publish","type":"post","link":"https:\/\/portal.sma.gob.cl\/index.php\/concluye-encuentro-de-fiscalizadores-de-la-sma\/","title":{"rendered":"Concluye encuentro de fiscalizadores de la SMA"},"content":{"rendered":"<p style=\"text-align: justify;\"><img decoding=\"async\" class=\"size-auto size-full wp-image-15870\" src=\"https:\/\/portal.sma.gob.cl\/wp-content\/uploads\/2014\/04\/760x-25-04-14.jpg\" alt=\"760x-25-04-14\" width=\"760\" height=\"300\" srcset=\"https:\/\/portal.sma.gob.cl\/wp-content\/uploads\/2014\/04\/760x-25-04-14-200x79.jpg 200w, https:\/\/portal.sma.gob.cl\/wp-content\/uploads\/2014\/04\/760x-25-04-14-300x118.jpg 300w, https:\/\/portal.sma.gob.cl\/wp-content\/uploads\/2014\/04\/760x-25-04-14-400x158.jpg 400w, https:\/\/portal.sma.gob.cl\/wp-content\/uploads\/2014\/04\/760x-25-04-14-600x237.jpg 600w, https:\/\/portal.sma.gob.cl\/wp-content\/uploads\/2014\/04\/760x-25-04-14.jpg 760w\" sizes=\"(max-width: 760px) 100vw, 760px\" \/><\/p>\n<p style=\"text-align: justify;\"><strong>Los profesionales de la Divisi\u00f3n de Fiscalizaci\u00f3n, durante una semana, se capacitaron mediante talleres y charlas especializadas.<\/strong><\/p>\n<p>  <!--more-->  <\/p>\n<p style=\"text-align: justify;\"><strong>Santiago, 25 de abril de 2014.<\/strong> Esta semana, en dependencias de la Superintendencia del Medio Ambiente (SMA) de Santiago, se realiz\u00f3 el primer encuentro nacional de fiscalizadores de la instituci\u00f3n del a\u00f1o 2014.<\/p>\n<p style=\"text-align: justify;\">Los profesionales de la Divisi\u00f3n de Fiscalizaci\u00f3n, participaron de jornadas de capacitaci\u00f3n y de discusi\u00f3n respecto de los procesos de inspecci\u00f3n y planificaci\u00f3n, entre otros; los que se abordaron a trav\u00e9s de talleres y charlas especializadas.<\/p>\n<p style=\"text-align: justify;\">En las jornadas, se analizaron los aspectos legales del procedimiento de fiscalizaci\u00f3n; la planificaci\u00f3n e inspecci\u00f3n ambiental; el muestreo, medici\u00f3n y an\u00e1lisis; los informes de fiscalizaci\u00f3n; uso de aparatos de monitoreo como el son\u00f3metro, entre otras tem\u00e1ticas.<\/p>\n<p style=\"text-align: justify;\">Adem\u00e1s, las distintas divisiones y unidades de la Superintendencia expusieron materias de inter\u00e9s para los profesionales, como por ejemplo, temas relativos a seguridad laboral y atenci\u00f3n ciudadana, entre otros.<\/p>\n","protected":false},"excerpt":{"rendered":"<p>Los profesionales de la Divisi\u00f3n de Fiscalizaci\u00f3n, durante una semana, se capacitaron mediante talleres y charlas especializadas.<\/p>\n","protected":false},"author":3,"featured_media":15870,"comment_status":"open","ping_status":"open","sticky":false,"template":"","format":"standard","meta":{"footnotes":""},"categories":[94],"tags":[],"class_list":["post-15871","post","type-post","status-publish","format-standard","has-post-thumbnail","hentry","category-notas-noticias"],"_links":{"self":[{"href":"https:\/\/portal.sma.gob.cl\/index.php\/wp-json\/wp\/v2\/posts\/15871","targetHints":{"allow":["GET"]}}],"collection":[{"href":"https:\/\/portal.sma.gob.cl\/index.php\/wp-json\/wp\/v2\/posts"}],"about":[{"href":"https:\/\/portal.sma.gob.cl\/index.php\/wp-json\/wp\/v2\/types\/post"}],"author":[{"embeddable":true,"href":"https:\/\/portal.sma.gob.cl\/index.php\/wp-json\/wp\/v2\/users\/3"}],"replies":[{"embeddable":true,"href":"https:\/\/portal.sma.gob.cl\/index.php\/wp-json\/wp\/v2\/comments?post=15871"}],"version-history":[{"count":0,"href":"https:\/\/portal.sma.gob.cl\/index.php\/wp-json\/wp\/v2\/posts\/15871\/revisions"}],"wp:featuredmedia":[{"embeddable":true,"href":"https:\/\/portal.sma.gob.cl\/index.php\/wp-json\/wp\/v2\/media\/15870"}],"wp:attachment":[{"href":"https:\/\/portal.sma.gob.cl\/index.php\/wp-json\/wp\/v2\/media?parent=15871"}],"wp:term":[{"taxonomy":"category","embeddable":true,"href":"https:\/\/portal.sma.gob.cl\/index.php\/wp-json\/wp\/v2\/categories?post=15871"},{"taxonomy":"post_tag","embeddable":true,"href":"https:\/\/portal.sma.gob.cl\/index.php\/wp-json\/wp\/v2\/tags?post=15871"}],"curies":[{"name":"wp","href":"https:\/\/api.w.org\/{rel}","templated":true}]}}