{"id":15873,"date":"2014-04-28T19:50:10","date_gmt":"2014-04-28T19:50:10","guid":{"rendered":"https:\/\/portal.sma.gob.cl\/index.php\/2014\/04\/28\/superintendente-se-reune-con-alcalde-de-sierra-gorda\/"},"modified":"2014-04-28T19:50:10","modified_gmt":"2014-04-28T19:50:10","slug":"superintendente-se-reune-con-alcalde-de-sierra-gorda","status":"publish","type":"post","link":"https:\/\/portal.sma.gob.cl\/index.php\/superintendente-se-reune-con-alcalde-de-sierra-gorda\/","title":{"rendered":"Superintendente se re\u00fane con alcalde de Sierra Gorda"},"content":{"rendered":"<p>&nbsp;<\/p>\n<p><strong><img decoding=\"async\" class=\"size-auto size-full wp-image-15872\" src=\"https:\/\/portal.sma.gob.cl\/wp-content\/uploads\/2014\/04\/760x-28-04-14.jpg\" alt=\"760x-28-04-14\" width=\"760\" height=\"300\" srcset=\"https:\/\/portal.sma.gob.cl\/wp-content\/uploads\/2014\/04\/760x-28-04-14-200x79.jpg 200w, https:\/\/portal.sma.gob.cl\/wp-content\/uploads\/2014\/04\/760x-28-04-14-300x118.jpg 300w, https:\/\/portal.sma.gob.cl\/wp-content\/uploads\/2014\/04\/760x-28-04-14-400x158.jpg 400w, https:\/\/portal.sma.gob.cl\/wp-content\/uploads\/2014\/04\/760x-28-04-14-600x237.jpg 600w, https:\/\/portal.sma.gob.cl\/wp-content\/uploads\/2014\/04\/760x-28-04-14.jpg 760w\" sizes=\"(max-width: 760px) 100vw, 760px\" \/><\/strong><\/p>\n<p><strong>Se analiza firmar un convenio de colaboraci\u00f3n con la municipalidad en materias ambientales.<\/strong><\/p>\n<p>  <!--more-->  <\/p>\n<p style=\"text-align: justify;\"><strong>Santiago, 25 de abril.<\/strong> El Superintendente del Medio Ambiente (TP), Cristi\u00e1n Franz, recibi\u00f3 en las oficinas de la instituci\u00f3n al alcalde de Sierra Gorda, Jos\u00e9 Guerrero, quien junto a una comitiva de nueve integrantes de su equipo municipal llegaron hasta las oficinas de la SMA.<\/p>\n<p style=\"text-align: justify;\">El encuentro tuvo por objetivo comenzar a discutir los t\u00e9rminos de un convenio de colaboraci\u00f3n entre la SMA y la comuna, para coordinar labores de fiscalizaci\u00f3n ambiental.<\/p>\n<p style=\"text-align: justify;\">A la par, el edil le plante\u00f3 al Superintendente materias ambientales que preocupan a su comuna.<\/p>\n","protected":false},"excerpt":{"rendered":"<p>&nbsp; Se analiza firmar un convenio de colaboraci\u00f3n con la municipalidad en materias ambientales.<\/p>\n","protected":false},"author":3,"featured_media":15872,"comment_status":"open","ping_status":"open","sticky":false,"template":"","format":"standard","meta":{"footnotes":""},"categories":[94],"tags":[],"class_list":["post-15873","post","type-post","status-publish","format-standard","has-post-thumbnail","hentry","category-notas-noticias"],"_links":{"self":[{"href":"https:\/\/portal.sma.gob.cl\/index.php\/wp-json\/wp\/v2\/posts\/15873","targetHints":{"allow":["GET"]}}],"collection":[{"href":"https:\/\/portal.sma.gob.cl\/index.php\/wp-json\/wp\/v2\/posts"}],"about":[{"href":"https:\/\/portal.sma.gob.cl\/index.php\/wp-json\/wp\/v2\/types\/post"}],"author":[{"embeddable":true,"href":"https:\/\/portal.sma.gob.cl\/index.php\/wp-json\/wp\/v2\/users\/3"}],"replies":[{"embeddable":true,"href":"https:\/\/portal.sma.gob.cl\/index.php\/wp-json\/wp\/v2\/comments?post=15873"}],"version-history":[{"count":0,"href":"https:\/\/portal.sma.gob.cl\/index.php\/wp-json\/wp\/v2\/posts\/15873\/revisions"}],"wp:featuredmedia":[{"embeddable":true,"href":"https:\/\/portal.sma.gob.cl\/index.php\/wp-json\/wp\/v2\/media\/15872"}],"wp:attachment":[{"href":"https:\/\/portal.sma.gob.cl\/index.php\/wp-json\/wp\/v2\/media?parent=15873"}],"wp:term":[{"taxonomy":"category","embeddable":true,"href":"https:\/\/portal.sma.gob.cl\/index.php\/wp-json\/wp\/v2\/categories?post=15873"},{"taxonomy":"post_tag","embeddable":true,"href":"https:\/\/portal.sma.gob.cl\/index.php\/wp-json\/wp\/v2\/tags?post=15873"}],"curies":[{"name":"wp","href":"https:\/\/api.w.org\/{rel}","templated":true}]}}