{"id":15875,"date":"2014-05-07T16:22:48","date_gmt":"2014-05-07T16:22:48","guid":{"rendered":"https:\/\/portal.sma.gob.cl\/index.php\/2014\/05\/07\/sma-expone-programa-de-fiscalizacion-a-municipios-de-o-higgins\/"},"modified":"2014-05-07T16:22:48","modified_gmt":"2014-05-07T16:22:48","slug":"sma-expone-programa-de-fiscalizacion-a-municipios-de-o-higgins","status":"publish","type":"post","link":"https:\/\/portal.sma.gob.cl\/index.php\/sma-expone-programa-de-fiscalizacion-a-municipios-de-o-higgins\/","title":{"rendered":"SMA expone programa de fiscalizaci\u00f3n a municipios de O\u00b4Higgins"},"content":{"rendered":"<p style=\"text-align: justify;\"><strong><img decoding=\"async\" class=\"size-auto size-full wp-image-15874\" src=\"https:\/\/portal.sma.gob.cl\/wp-content\/uploads\/2014\/05\/760x7-05-14.jpg\" alt=\"760x7-05-14\" width=\"760\" height=\"300\" srcset=\"https:\/\/portal.sma.gob.cl\/wp-content\/uploads\/2014\/05\/760x7-05-14-200x79.jpg 200w, https:\/\/portal.sma.gob.cl\/wp-content\/uploads\/2014\/05\/760x7-05-14-300x118.jpg 300w, https:\/\/portal.sma.gob.cl\/wp-content\/uploads\/2014\/05\/760x7-05-14-400x158.jpg 400w, https:\/\/portal.sma.gob.cl\/wp-content\/uploads\/2014\/05\/760x7-05-14-600x237.jpg 600w, https:\/\/portal.sma.gob.cl\/wp-content\/uploads\/2014\/05\/760x7-05-14.jpg 760w\" sizes=\"(max-width: 760px) 100vw, 760px\" \/>En la cita, realizada en la Intendencia regional estuvieron presentes autoridades de Gobierno y de los municipios donde opera el Plan de Descontaminaci\u00f3n Atmosf\u00e9rica (PDA) del Valle Central.&nbsp;<\/strong><\/p>\n<p>  <!--more-->  <\/p>\n<p style=\"text-align: justify;\"><strong style=\"line-height: 1.3em;\">Rancagua, 7 de mayo de 2014.<\/strong> Una intensa jornada de trabajo se desarroll\u00f3 ayer en el Sal\u00f3n Prat de la Intendencia Regional de O\u2019Higgins entre la Superintendencia del Medio Ambiente (SMA) y los municipios de la regi\u00f3n afectos al nuevo Plan de Descontaminaci\u00f3n Atmosf\u00e9rica (PDA) del Valle Central. La cita, apunt\u00f3 a exponer el programa de fiscalizaci\u00f3n en la zona saturada por material particulado (MP 10) de la regi\u00f3n de O\u00b4Higgins.<\/p>\n<p style=\"text-align: justify;\">En la oportunidad estuvieron presentes la Intendenta Mor\u00edn Contreras; la Seremi del Medio Ambiente Giovanna Amaya; el Seremi de Salud Fernando Arenas, el Seremi de Agricultura, Jos\u00e9 Guajardo; el Jefe de la Macro Zona Centro de la SMA, Cristian Jorquera; representantes de municipios pertenecientes a la zona saturada y organismos sectoriales fiscalizadores como SAG, CONAF y la Seremi de Salud.<\/p>\n<p>La Intendenta se\u00f1al\u00f3 que el Plan de Descontaminaci\u00f3n Atmosf\u00e9rica est\u00e1 en pleno funcionamiento y que cada una de las medidas ser\u00e1 fiscalizada con el objetivo de mejorar la calidad de aire y con ello resguardar la salud de la poblaci\u00f3n del Valle Central, que concentra cerca del 80% de la poblaci\u00f3n de la Regi\u00f3n del Libertador Bernardo O\u2019Higgins.<\/p>\n<p>Por su parte, Cristian Jorquera explic\u00f3 que \u201cen esta primera etapa queremos hacer una puesta en marcha con las municipalidades de la zona saturada. Primero se evaluar\u00e1n sus capacidades instaladas y recursos humanos, para luego desarrollar un convenio de colaboraci\u00f3n para la fiscalizaci\u00f3n de este Plan de Descontaminaci\u00f3n Atmosf\u00e9rica\u201d. Agreg\u00f3 que esta fue la primera reuni\u00f3n de coordinaci\u00f3n con los municipios de la zona, y durante los pr\u00f3ximos meses se seguir\u00e1n desarrollando nuevas actividades con estos.<\/p>\n<p>Manuel Cariz, profesional encargado de Medio Ambiente del municipio de San Vicente, explic\u00f3 que \u201cnos interesa que esta fiscalizaci\u00f3n surta efecto\u201d agregando que \u201cen nuestra comuna ya se notan los efectos de la contaminaci\u00f3n atmosf\u00e9rica. Por eso nos interesa este convenio entre las municipalidades y la Superintendencia del Medio Ambiente, el que va a permitir que podamos informar a la SMA de las posibles infracciones y que puedan finalmente ser sancionados\u201d.<\/p>\n","protected":false},"excerpt":{"rendered":"<p>En la cita, realizada en la Intendencia regional estuvieron presentes autoridades de Gobierno y de los municipios donde opera el Plan de Descontaminaci\u00f3n Atmosf\u00e9rica (PDA) del Valle Central.&nbsp;<\/p>\n","protected":false},"author":3,"featured_media":15874,"comment_status":"open","ping_status":"open","sticky":false,"template":"","format":"standard","meta":{"footnotes":""},"categories":[90],"tags":[],"class_list":["post-15875","post","type-post","status-publish","format-standard","has-post-thumbnail","hentry","category-comunicados-noticias"],"_links":{"self":[{"href":"https:\/\/portal.sma.gob.cl\/index.php\/wp-json\/wp\/v2\/posts\/15875","targetHints":{"allow":["GET"]}}],"collection":[{"href":"https:\/\/portal.sma.gob.cl\/index.php\/wp-json\/wp\/v2\/posts"}],"about":[{"href":"https:\/\/portal.sma.gob.cl\/index.php\/wp-json\/wp\/v2\/types\/post"}],"author":[{"embeddable":true,"href":"https:\/\/portal.sma.gob.cl\/index.php\/wp-json\/wp\/v2\/users\/3"}],"replies":[{"embeddable":true,"href":"https:\/\/portal.sma.gob.cl\/index.php\/wp-json\/wp\/v2\/comments?post=15875"}],"version-history":[{"count":0,"href":"https:\/\/portal.sma.gob.cl\/index.php\/wp-json\/wp\/v2\/posts\/15875\/revisions"}],"wp:featuredmedia":[{"embeddable":true,"href":"https:\/\/portal.sma.gob.cl\/index.php\/wp-json\/wp\/v2\/media\/15874"}],"wp:attachment":[{"href":"https:\/\/portal.sma.gob.cl\/index.php\/wp-json\/wp\/v2\/media?parent=15875"}],"wp:term":[{"taxonomy":"category","embeddable":true,"href":"https:\/\/portal.sma.gob.cl\/index.php\/wp-json\/wp\/v2\/categories?post=15875"},{"taxonomy":"post_tag","embeddable":true,"href":"https:\/\/portal.sma.gob.cl\/index.php\/wp-json\/wp\/v2\/tags?post=15875"}],"curies":[{"name":"wp","href":"https:\/\/api.w.org\/{rel}","templated":true}]}}