{"id":15879,"date":"2014-05-08T20:47:19","date_gmt":"2014-05-08T20:47:19","guid":{"rendered":"https:\/\/portal.sma.gob.cl\/index.php\/2014\/05\/08\/superintendente-asiste-a-comision-de-medio-ambiente-de-la-camara-de-diputados\/"},"modified":"2014-05-08T20:47:19","modified_gmt":"2014-05-08T20:47:19","slug":"superintendente-asiste-a-comision-de-medio-ambiente-de-la-camara-de-diputados","status":"publish","type":"post","link":"https:\/\/portal.sma.gob.cl\/index.php\/superintendente-asiste-a-comision-de-medio-ambiente-de-la-camara-de-diputados\/","title":{"rendered":"Superintendente asiste a Comisi\u00f3n de Medio Ambiente de la C\u00e1mara de Diputados"},"content":{"rendered":"<p style=\"text-align: justify;\"><strong><img decoding=\"async\" class=\"size-auto size-full wp-image-15878\" src=\"https:\/\/portal.sma.gob.cl\/wp-content\/uploads\/2014\/05\/760x7-06-14.jpg\" alt=\"760x7-06-14\" width=\"760\" height=\"300\" srcset=\"https:\/\/portal.sma.gob.cl\/wp-content\/uploads\/2014\/05\/760x7-06-14-200x79.jpg 200w, https:\/\/portal.sma.gob.cl\/wp-content\/uploads\/2014\/05\/760x7-06-14-300x118.jpg 300w, https:\/\/portal.sma.gob.cl\/wp-content\/uploads\/2014\/05\/760x7-06-14-400x158.jpg 400w, https:\/\/portal.sma.gob.cl\/wp-content\/uploads\/2014\/05\/760x7-06-14-600x237.jpg 600w, https:\/\/portal.sma.gob.cl\/wp-content\/uploads\/2014\/05\/760x7-06-14.jpg 760w\" sizes=\"(max-width: 760px) 100vw, 760px\" \/><\/strong><\/p>\n<p style=\"text-align: justify;\"><strong>El Superintendente (TP), Cristi\u00e1n Franz, explic\u00f3 a los parlamentarios la gesti\u00f3n realizada por el organismo en 2013 y fij\u00f3 los par\u00e1metros para el presente a\u00f1o.<\/strong><\/p>\n<p>  <!--more-->  <\/p>\n<p style=\"text-align: justify;\">&nbsp;<\/p>\n<p style=\"text-align: justify;\"><strong style=\"line-height: 1.3em;\">Valpara\u00edso, 08 de mayo de 2014. <\/strong>El Superintendente del Medio Ambiente (TP), Cristi\u00e1n Franz, concurri\u00f3 ayer a la Comisi\u00f3n del Medio Ambiente de la C\u00e1mara de Diputados, en el Congreso Nacional.<\/p>\n<p style=\"text-align: justify;\">En la oportunidad, expuso sobre la gesti\u00f3n realizada por la Superintendencia del Medio Ambiente (SMA), durante su primer a\u00f1o de funcionamiento, indicando las fiscalizaciones, denuncias y sanciones registradas en 2013, y fij\u00f3 los par\u00e1metros de fiscalizaci\u00f3n para este a\u00f1o, en torno a los instrumentos de gesti\u00f3n de su competencia: Resoluciones de Calificaci\u00f3n Ambiental (RCA), normas de calidad ambiental y de emisi\u00f3n y Planes de Descontaminaci\u00f3n Atmosf\u00e9rica (PDA).<\/p>\n<p style=\"text-align: justify;\">Tambi\u00e9n se refiri\u00f3 a las necesidades que tiene la SMA para mejorar su gesti\u00f3n: \u201cel desaf\u00edo en materia de fortalecimiento institucional es potenciar el despliegue territorial. Por lo tanto, el compromiso como Gobierno, es avanzar en el establecimiento&nbsp; de oficinas regionales. La idea es que al final del periodo podamos tener cubiertas todas las regiones del pa\u00eds con oficinas propias\u201d.<\/p>\n<p style=\"text-align: justify;\">El Superintendente indic\u00f3 que es necesario aumentar la cantidad de funcionarios de la instituci\u00f3n, para poder abarcar todas las tareas que el organismo requiere realizar. A la vez, dio a conocer los par\u00e1metros del plan que se definir\u00e1 en el periodo 2014-2018. \u201cQueremos elaborar un plan estrat\u00e9gico en lo cuatro a\u00f1os de Gobierno, que ser\u00e1 nuestra hoja de ruta, a partir de la cual vamos a poder ser efectivamente evaluados a\u00f1o a a\u00f1o. Ah\u00ed vamos a incorporar la misi\u00f3n, las actividades de fiscalizaci\u00f3n, los indicadores, y todo lo que un programa de crecimiento estrat\u00e9gico involucra\u201d, dijo.<\/p>\n<p style=\"text-align: justify;\"><strong style=\"line-height: 1.3em;\">Red de Fiscalizaci\u00f3n Ambiental<\/strong><\/p>\n<p style=\"text-align: justify;\">El Superintendente, adem\u00e1s, coment\u00f3 que una de sus prioridades ser\u00e1 potenciar el trabajo con los quince organismos que colaboran con la SMA. Por ello, anunci\u00f3 la creaci\u00f3n de una Red de Fiscalizaci\u00f3n Ambiental, la cual buscar\u00e1 adem\u00e1s, contar con apoyo de las Intendencias, Fuerzas Armadas y Municipalidades.<\/p>\n<p style=\"text-align: justify;\">\u201cNos hemos propuesto constituir una Red Nacional de Fiscalizaci\u00f3n Ambiental. Esta red la conformaremos con un Consejo Interinstitucional, a nivel de directores que integren estos servicios, que conformar\u00e1n unidades de coordinaci\u00f3n, que ser\u00edan el brazo operativo de la fiscalizaci\u00f3n\u201d, sostuvo Franz, quien agreg\u00f3 que se crear\u00e1n grupos de seguimiento ambiental y desarrollo de estudios, en conjunto para determinar lineamientos de la red.&nbsp;<\/p>\n<p style=\"text-align: justify;\">Posteriormente, el presidente de la Comisi\u00f3n, el diputado Daniel Melo (PS), concedi\u00f3 la palabra a los parlamentarios que asistieron a la cita, entre ellos las diputadas Camila Vallejo (PC), Andrea Molina (UDI) y Cristina Girardi (PPD), y los diputados, Marcelo Ch\u00e1vez (DC), Rodrigo Gonz\u00e1lez (PPD), Christian Ur\u00edzar (PS) y Leopoldo P\u00e9rez (RN).<\/p>\n<p style=\"text-align: justify;\">Cada parlamentario plante\u00f3 sus inquietudes sobre los asuntos que competen a la funci\u00f3n de la SMA. La mayor\u00eda coincidi\u00f3 en que al organismo se le debe dotar de mayores recursos t\u00e9cnicos y humanos para cumplir su misi\u00f3n de velar por el cumplimiento de los instrumentos de gesti\u00f3n ambiental. De este modo, acordaron solicitar al Poder Ejecutivo la asignaci\u00f3n de mayores recursos.<\/p>\n","protected":false},"excerpt":{"rendered":"<p>El Superintendente (TP), Cristi\u00e1n Franz, explic\u00f3 a los parlamentarios la gesti\u00f3n realizada por el organismo en 2013 y fij\u00f3 los par\u00e1metros para el presente a\u00f1o.<\/p>\n","protected":false},"author":3,"featured_media":15878,"comment_status":"open","ping_status":"open","sticky":false,"template":"","format":"standard","meta":{"footnotes":""},"categories":[94],"tags":[],"class_list":["post-15879","post","type-post","status-publish","format-standard","has-post-thumbnail","hentry","category-notas-noticias"],"_links":{"self":[{"href":"https:\/\/portal.sma.gob.cl\/index.php\/wp-json\/wp\/v2\/posts\/15879","targetHints":{"allow":["GET"]}}],"collection":[{"href":"https:\/\/portal.sma.gob.cl\/index.php\/wp-json\/wp\/v2\/posts"}],"about":[{"href":"https:\/\/portal.sma.gob.cl\/index.php\/wp-json\/wp\/v2\/types\/post"}],"author":[{"embeddable":true,"href":"https:\/\/portal.sma.gob.cl\/index.php\/wp-json\/wp\/v2\/users\/3"}],"replies":[{"embeddable":true,"href":"https:\/\/portal.sma.gob.cl\/index.php\/wp-json\/wp\/v2\/comments?post=15879"}],"version-history":[{"count":0,"href":"https:\/\/portal.sma.gob.cl\/index.php\/wp-json\/wp\/v2\/posts\/15879\/revisions"}],"wp:featuredmedia":[{"embeddable":true,"href":"https:\/\/portal.sma.gob.cl\/index.php\/wp-json\/wp\/v2\/media\/15878"}],"wp:attachment":[{"href":"https:\/\/portal.sma.gob.cl\/index.php\/wp-json\/wp\/v2\/media?parent=15879"}],"wp:term":[{"taxonomy":"category","embeddable":true,"href":"https:\/\/portal.sma.gob.cl\/index.php\/wp-json\/wp\/v2\/categories?post=15879"},{"taxonomy":"post_tag","embeddable":true,"href":"https:\/\/portal.sma.gob.cl\/index.php\/wp-json\/wp\/v2\/tags?post=15879"}],"curies":[{"name":"wp","href":"https:\/\/api.w.org\/{rel}","templated":true}]}}