{"id":15888,"date":"2014-05-20T17:21:37","date_gmt":"2014-05-20T17:21:37","guid":{"rendered":"https:\/\/portal.sma.gob.cl\/index.php\/2014\/05\/20\/superintendente-se-reune-con-ministros-segundo-tribunal-ambiental\/"},"modified":"2014-05-20T17:21:37","modified_gmt":"2014-05-20T17:21:37","slug":"superintendente-se-reune-con-ministros-segundo-tribunal-ambiental","status":"publish","type":"post","link":"https:\/\/portal.sma.gob.cl\/index.php\/superintendente-se-reune-con-ministros-segundo-tribunal-ambiental\/","title":{"rendered":"Superintendente se re\u00fane con Ministros Segundo Tribunal Ambiental"},"content":{"rendered":"<p style=\"text-align: justify;\"><strong><img decoding=\"async\" class=\"size-auto size-full wp-image-15887\" src=\"https:\/\/portal.sma.gob.cl\/wp-content\/uploads\/2014\/05\/760x20-05-14.jpg\" alt=\"760x20-05-14\" width=\"760\" height=\"300\" srcset=\"https:\/\/portal.sma.gob.cl\/wp-content\/uploads\/2014\/05\/760x20-05-14-200x79.jpg 200w, https:\/\/portal.sma.gob.cl\/wp-content\/uploads\/2014\/05\/760x20-05-14-300x118.jpg 300w, https:\/\/portal.sma.gob.cl\/wp-content\/uploads\/2014\/05\/760x20-05-14-400x158.jpg 400w, https:\/\/portal.sma.gob.cl\/wp-content\/uploads\/2014\/05\/760x20-05-14-600x237.jpg 600w, https:\/\/portal.sma.gob.cl\/wp-content\/uploads\/2014\/05\/760x20-05-14.jpg 760w\" sizes=\"(max-width: 760px) 100vw, 760px\" \/><\/strong><\/p>\n<p style=\"text-align: justify;\"><strong>En la reuni\u00f3n protocolar se present\u00f3 la nueva org\u00e1nica de la SMA y la Planificaci\u00f3n Estrat\u00e9gica 2014-2018.<\/strong><\/p>\n<p>  <!--more-->  <\/p>\n<p style=\"text-align: justify;\"><strong style=\"line-height: 1.3em;\">Santiago, 19 de mayo de 2014<\/strong>. El Superintendente del Medio Ambiente (TP), Cristi\u00e1n Franz, acompa\u00f1ado de la Fiscal del organismo, Dominique Herv\u00e9, sostuvieron ayer una reuni\u00f3n protocolar con el Presidente del Segundo Tribunal Ambiental, Jos\u00e9 Ignacio V\u00e1squez, y el ministro Rafael Asenjo.<\/p>\n<p style=\"text-align: justify;\">En la cita, llevada a cabo en dependencias del Segundo Tribunal, Franz explic\u00f3 los lineamientos estrat\u00e9gicos de la Superintendencia del Medio Ambiente (SMA) para el per\u00edodo 2014-2018. Entre ellos, se encuentra el realizar un mayor despliegue territorial de la Superintendencia, sumando m\u00e1s funcionarios en todas las regiones del pa\u00eds.<\/p>\n<p style=\"text-align: justify;\">A la vez, el Superintendente y la Fiscal, mostraron a los ministros el nuevo organigrama de la SMA, que considera 3 divisiones: Fiscal\u00eda, Fiscalizaci\u00f3n y Sanci\u00f3n y Cumplimiento.<\/p>\n<p style=\"text-align: justify;\">Por su parte, los ministros V\u00e1squez y Asenjo, explicaron c\u00f3mo ha sido el funcionamiento en general del Segundo Tribunal Ambiental de Santiago en su primer a\u00f1o de existencia, y a la vez plantearon problemas y desaf\u00edos respecto de la Ley N\u00b0 20.600, que cre\u00f3 los Tribunales Ambientales.<\/p>\n","protected":false},"excerpt":{"rendered":"<p>En la reuni\u00f3n protocolar se present\u00f3 la nueva org\u00e1nica de la SMA y la Planificaci\u00f3n Estrat\u00e9gica 2014-2018.<\/p>\n","protected":false},"author":3,"featured_media":15887,"comment_status":"open","ping_status":"open","sticky":false,"template":"","format":"standard","meta":{"footnotes":""},"categories":[94],"tags":[],"class_list":["post-15888","post","type-post","status-publish","format-standard","has-post-thumbnail","hentry","category-notas-noticias"],"_links":{"self":[{"href":"https:\/\/portal.sma.gob.cl\/index.php\/wp-json\/wp\/v2\/posts\/15888","targetHints":{"allow":["GET"]}}],"collection":[{"href":"https:\/\/portal.sma.gob.cl\/index.php\/wp-json\/wp\/v2\/posts"}],"about":[{"href":"https:\/\/portal.sma.gob.cl\/index.php\/wp-json\/wp\/v2\/types\/post"}],"author":[{"embeddable":true,"href":"https:\/\/portal.sma.gob.cl\/index.php\/wp-json\/wp\/v2\/users\/3"}],"replies":[{"embeddable":true,"href":"https:\/\/portal.sma.gob.cl\/index.php\/wp-json\/wp\/v2\/comments?post=15888"}],"version-history":[{"count":0,"href":"https:\/\/portal.sma.gob.cl\/index.php\/wp-json\/wp\/v2\/posts\/15888\/revisions"}],"wp:featuredmedia":[{"embeddable":true,"href":"https:\/\/portal.sma.gob.cl\/index.php\/wp-json\/wp\/v2\/media\/15887"}],"wp:attachment":[{"href":"https:\/\/portal.sma.gob.cl\/index.php\/wp-json\/wp\/v2\/media?parent=15888"}],"wp:term":[{"taxonomy":"category","embeddable":true,"href":"https:\/\/portal.sma.gob.cl\/index.php\/wp-json\/wp\/v2\/categories?post=15888"},{"taxonomy":"post_tag","embeddable":true,"href":"https:\/\/portal.sma.gob.cl\/index.php\/wp-json\/wp\/v2\/tags?post=15888"}],"curies":[{"name":"wp","href":"https:\/\/api.w.org\/{rel}","templated":true}]}}