{"id":15890,"date":"2014-05-22T19:50:30","date_gmt":"2014-05-22T19:50:30","guid":{"rendered":"https:\/\/portal.sma.gob.cl\/index.php\/2014\/05\/22\/superintendente-expone-ante-comision-de-medio-ambiente-del-senado\/"},"modified":"2014-05-22T19:50:30","modified_gmt":"2014-05-22T19:50:30","slug":"superintendente-expone-ante-comision-de-medio-ambiente-del-senado","status":"publish","type":"post","link":"https:\/\/portal.sma.gob.cl\/index.php\/superintendente-expone-ante-comision-de-medio-ambiente-del-senado\/","title":{"rendered":"Superintendente expone ante Comisi\u00f3n de Medio Ambiente del Senado"},"content":{"rendered":"<p style=\"text-align: justify;\"><strong><img decoding=\"async\" class=\"size-auto size-full wp-image-15889\" src=\"https:\/\/portal.sma.gob.cl\/wp-content\/uploads\/2014\/05\/760x22-05-14.jpg\" alt=\"760x22-05-14\" width=\"760\" height=\"300\" srcset=\"https:\/\/portal.sma.gob.cl\/wp-content\/uploads\/2014\/05\/760x22-05-14-200x79.jpg 200w, https:\/\/portal.sma.gob.cl\/wp-content\/uploads\/2014\/05\/760x22-05-14-300x118.jpg 300w, https:\/\/portal.sma.gob.cl\/wp-content\/uploads\/2014\/05\/760x22-05-14-400x158.jpg 400w, https:\/\/portal.sma.gob.cl\/wp-content\/uploads\/2014\/05\/760x22-05-14-600x237.jpg 600w, https:\/\/portal.sma.gob.cl\/wp-content\/uploads\/2014\/05\/760x22-05-14.jpg 760w\" sizes=\"(max-width: 760px) 100vw, 760px\" \/><\/strong><\/p>\n<p style=\"text-align: justify;\"><strong>El Superintendente (TP), Cristi\u00e1n Franz, se refiri\u00f3 a los desaf\u00edos de la instituci\u00f3n y recalc\u00f3 la necesidad de dotarla de m\u00e1s recursos.<\/strong><\/p>\n<p>  <!--more-->  <\/p>\n<p style=\"text-align: justify;\"><strong>Martes, 20 de mayo de 2014<\/strong>. El Superintendente del Medio Ambiente (TP), Cristi\u00e1n Franz, asisti\u00f3 a la Comisi\u00f3n del Medio Ambiente de la C\u00e1mara Alta, en el Congreso Nacional.<\/p>\n<p style=\"text-align: justify;\">Expuso sobre la gesti\u00f3n realizada por la Superintendencia del Medio Ambiente (SMA), durante su primer a\u00f1o de funcionamiento, indicando cifras de fiscalizaci\u00f3n, denuncias y sanciones registradas en 2013.<\/p>\n<p style=\"text-align: justify;\">Adem\u00e1s, explic\u00f3 la Planificaci\u00f3n Estrat\u00e9gica 2014-2018, que tiene contemplada la administraci\u00f3n actual, y la labor del organismo en torno a los instrumentos de gesti\u00f3n de su competencia: Resoluciones de Calificaci\u00f3n Ambiental (RCA), normas de calidad ambiental y de emisi\u00f3n y Planes de Descontaminaci\u00f3n Atmosf\u00e9rica (PDA).<\/p>\n<p style=\"text-align: justify;\">El Superintendente se refiri\u00f3 a las necesidades que tiene la SMA de mejorar su desempe\u00f1o, con un fortalecimiento institucional que potencie un despliegue territorial en las regiones. Para ello, sostuvo que se requiere aumentar el n\u00famero de funcionarios y establecer, de forma progresiva, oficinas regionales en todo el pa\u00eds.<\/p>\n<p style=\"text-align: justify;\">Del mismo modo, coment\u00f3 que una de sus prioridades ser\u00e1 potenciar el trabajo con los quince organismos p\u00fablicos que colaboran con la SMA. Al respecto, anunci\u00f3 la creaci\u00f3n de una Red de Fiscalizaci\u00f3n Ambiental (RENFA), la cual buscar\u00e1 adem\u00e1s, contar con apoyo de las Intendencias, Fuerzas Armadas y Municipalidades.<\/p>\n<p style=\"text-align: justify;\">Los senadores asistentes a la reuni\u00f3n, Iv\u00e1n Moreira (UDI), Patricio Walker (DC) \u2013presidente de la Comisi\u00f3n- y Alberto Espina (RNA), plantearon sus inquietudes sobre los asuntos que competen a la funci\u00f3n de la SMA. El Superintendente respondi\u00f3 a las consultas y luego los parlamentarios coincidieron en que al organismo se le debe dotar de mayores recursos para cumplir su misi\u00f3n.<\/p>\n","protected":false},"excerpt":{"rendered":"<p>El Superintendente (TP), Cristi\u00e1n Franz, se refiri\u00f3 a los desaf\u00edos de la instituci\u00f3n y recalc\u00f3 la necesidad de dotarla de m\u00e1s recursos.<\/p>\n","protected":false},"author":3,"featured_media":15889,"comment_status":"open","ping_status":"open","sticky":false,"template":"","format":"standard","meta":{"footnotes":""},"categories":[94],"tags":[],"class_list":["post-15890","post","type-post","status-publish","format-standard","has-post-thumbnail","hentry","category-notas-noticias"],"_links":{"self":[{"href":"https:\/\/portal.sma.gob.cl\/index.php\/wp-json\/wp\/v2\/posts\/15890","targetHints":{"allow":["GET"]}}],"collection":[{"href":"https:\/\/portal.sma.gob.cl\/index.php\/wp-json\/wp\/v2\/posts"}],"about":[{"href":"https:\/\/portal.sma.gob.cl\/index.php\/wp-json\/wp\/v2\/types\/post"}],"author":[{"embeddable":true,"href":"https:\/\/portal.sma.gob.cl\/index.php\/wp-json\/wp\/v2\/users\/3"}],"replies":[{"embeddable":true,"href":"https:\/\/portal.sma.gob.cl\/index.php\/wp-json\/wp\/v2\/comments?post=15890"}],"version-history":[{"count":0,"href":"https:\/\/portal.sma.gob.cl\/index.php\/wp-json\/wp\/v2\/posts\/15890\/revisions"}],"wp:featuredmedia":[{"embeddable":true,"href":"https:\/\/portal.sma.gob.cl\/index.php\/wp-json\/wp\/v2\/media\/15889"}],"wp:attachment":[{"href":"https:\/\/portal.sma.gob.cl\/index.php\/wp-json\/wp\/v2\/media?parent=15890"}],"wp:term":[{"taxonomy":"category","embeddable":true,"href":"https:\/\/portal.sma.gob.cl\/index.php\/wp-json\/wp\/v2\/categories?post=15890"},{"taxonomy":"post_tag","embeddable":true,"href":"https:\/\/portal.sma.gob.cl\/index.php\/wp-json\/wp\/v2\/tags?post=15890"}],"curies":[{"name":"wp","href":"https:\/\/api.w.org\/{rel}","templated":true}]}}