{"id":15892,"date":"2014-05-22T19:55:07","date_gmt":"2014-05-22T19:55:07","guid":{"rendered":"https:\/\/portal.sma.gob.cl\/index.php\/2014\/05\/22\/sma-imparte-taller-ambiental-en-la-region-de-la-araucania\/"},"modified":"2014-05-22T19:55:07","modified_gmt":"2014-05-22T19:55:07","slug":"sma-imparte-taller-ambiental-en-la-region-de-la-araucania","status":"publish","type":"post","link":"https:\/\/portal.sma.gob.cl\/index.php\/sma-imparte-taller-ambiental-en-la-region-de-la-araucania\/","title":{"rendered":"SMA imparte taller ambiental en la Regi\u00f3n de la Araucan\u00eda"},"content":{"rendered":"<p style=\"text-align: justify;\"><strong><img decoding=\"async\" class=\"size-auto size-full wp-image-15891\" title=\"size-auto\" src=\"https:\/\/portal.sma.gob.cl\/wp-content\/uploads\/2014\/05\/760x221-05-14.jpg\" alt=\"760x221-05-14\" width=\"760\" height=\"300\" srcset=\"https:\/\/portal.sma.gob.cl\/wp-content\/uploads\/2014\/05\/760x221-05-14-200x79.jpg 200w, https:\/\/portal.sma.gob.cl\/wp-content\/uploads\/2014\/05\/760x221-05-14-300x118.jpg 300w, https:\/\/portal.sma.gob.cl\/wp-content\/uploads\/2014\/05\/760x221-05-14-400x158.jpg 400w, https:\/\/portal.sma.gob.cl\/wp-content\/uploads\/2014\/05\/760x221-05-14-600x237.jpg 600w, https:\/\/portal.sma.gob.cl\/wp-content\/uploads\/2014\/05\/760x221-05-14.jpg 760w\" sizes=\"(max-width: 760px) 100vw, 760px\" \/><\/strong><\/p>\n<p style=\"text-align: justify;\"><strong>Siguiendo con el cronograma de capacitaciones, la Superintendencia del Medio Ambiente (SMA) curs\u00f3 un taller a organismos p\u00fablicos que forman parte de la red de fiscalizaci\u00f3n en Temuco.<\/strong><\/p>\n<p>  <!--more-->  <\/p>\n<p style=\"text-align: justify;\"><strong>Temuco, 19 de mayo de 2014<\/strong>. La Superintendencia del Medio Ambiente (SMA), continuando con su programa de actividades de capacitaci\u00f3n 2014 destinadas a los organismos con competencia ambiental, realiz\u00f3 un taller el pasado lunes en el auditorio de la Intendencia de la Araucan\u00eda, en Temuco.<\/p>\n<p style=\"text-align: justify;\">Estos cursos se realizar\u00e1n en todas las regiones del pa\u00eds, y buscan capacitar a los 15 servicios p\u00fablicos que tienen a su cargo actividades de fiscalizaci\u00f3n, ya sea mediante el Programa de Fiscalizaci\u00f3n ambiental 2014 de la SMA, o bien, a trav\u00e9s de denuncias.<\/p>\n<p style=\"text-align: justify;\">En la jornada, se abordaron temas como las principales competencias y atribuciones de la SMA; las formas de fiscalizaci\u00f3n; los programas y subprogramas de fiscalizaci\u00f3n; la importancia de la planificaci\u00f3n; y en general la rector\u00eda t\u00e9cnica de la SMA.<\/p>\n<p style=\"text-align: justify;\">\u201cCon esta actividad seguimos concretando nuestro programa de talleres de fiscalizaci\u00f3n ambiental y as\u00ed potenciar nuestra coordinaci\u00f3n con los organismos que trabajan en conjunto con la Superintendencia. El objetivo es compartir las mejores pr\u00e1cticas en materia de fiscalizaci\u00f3n ambiental, y con ello dar respuesta a la ciudadan\u00eda\u201d, sostuvo el Jefe de la Macro Zona Sur de la SMA, Eduardo Rodr\u00edguez, quien particip\u00f3 y dirigi\u00f3 la jornada de capacitaci\u00f3n.<\/p>\n<p style=\"text-align: justify;\">Estas actividades se basan en la Resoluci\u00f3n Exenta 277\/2012, que establece el Procedimiento de Fiscalizaci\u00f3n para las Resoluciones de Calificaci\u00f3n Ambiental (RCA); y en la 276\/2012, que fija el procedimiento de fiscalizaci\u00f3n para las normas de emisi\u00f3n, de calidad, y de planes de prevenci\u00f3n, y descontaminaci\u00f3n.<\/p>\n<p style=\"text-align: justify;\">Al taller, liderado por Esteban Dattwyler y Diego Maldonado, de la Divisi\u00f3n de Fiscalizaci\u00f3n, asistieron funcionarios del Servicio Agr\u00edcola y Ganadero (SAG); de la Superintendencia de Electricidad y Combustibles (SEC); de la Superintendencia de Servicios Sanitarios (SISS); Conaf y Sernapesca, entre otros.<\/p>\n<p style=\"text-align: justify;\">Para la zona sur, est\u00e1n programados los siguientes talleres: Regi\u00f3n del B\u00edo B\u00edo, el 29 de mayo; Regi\u00f3n de los R\u00edos, 11 de junio; Regi\u00f3n de los Lagos, 12 de junio; y Regi\u00f3n del Maule, 19 de junio.<\/p>\n","protected":false},"excerpt":{"rendered":"<p>Siguiendo con el cronograma de capacitaciones, la Superintendencia del Medio Ambiente (SMA) curs\u00f3 un taller a organismos p\u00fablicos que forman parte de la red de fiscalizaci\u00f3n en Temuco.<\/p>\n","protected":false},"author":3,"featured_media":15891,"comment_status":"open","ping_status":"open","sticky":false,"template":"","format":"standard","meta":{"footnotes":""},"categories":[94],"tags":[],"class_list":["post-15892","post","type-post","status-publish","format-standard","has-post-thumbnail","hentry","category-notas-noticias"],"_links":{"self":[{"href":"https:\/\/portal.sma.gob.cl\/index.php\/wp-json\/wp\/v2\/posts\/15892","targetHints":{"allow":["GET"]}}],"collection":[{"href":"https:\/\/portal.sma.gob.cl\/index.php\/wp-json\/wp\/v2\/posts"}],"about":[{"href":"https:\/\/portal.sma.gob.cl\/index.php\/wp-json\/wp\/v2\/types\/post"}],"author":[{"embeddable":true,"href":"https:\/\/portal.sma.gob.cl\/index.php\/wp-json\/wp\/v2\/users\/3"}],"replies":[{"embeddable":true,"href":"https:\/\/portal.sma.gob.cl\/index.php\/wp-json\/wp\/v2\/comments?post=15892"}],"version-history":[{"count":0,"href":"https:\/\/portal.sma.gob.cl\/index.php\/wp-json\/wp\/v2\/posts\/15892\/revisions"}],"wp:featuredmedia":[{"embeddable":true,"href":"https:\/\/portal.sma.gob.cl\/index.php\/wp-json\/wp\/v2\/media\/15891"}],"wp:attachment":[{"href":"https:\/\/portal.sma.gob.cl\/index.php\/wp-json\/wp\/v2\/media?parent=15892"}],"wp:term":[{"taxonomy":"category","embeddable":true,"href":"https:\/\/portal.sma.gob.cl\/index.php\/wp-json\/wp\/v2\/categories?post=15892"},{"taxonomy":"post_tag","embeddable":true,"href":"https:\/\/portal.sma.gob.cl\/index.php\/wp-json\/wp\/v2\/tags?post=15892"}],"curies":[{"name":"wp","href":"https:\/\/api.w.org\/{rel}","templated":true}]}}