{"id":15897,"date":"2014-05-30T16:36:49","date_gmt":"2014-05-30T16:36:49","guid":{"rendered":"https:\/\/portal.sma.gob.cl\/index.php\/2014\/05\/30\/sma-imparte-taller-de-fiscalizacion-en-santiago\/"},"modified":"2014-05-30T16:36:49","modified_gmt":"2014-05-30T16:36:49","slug":"sma-imparte-taller-de-fiscalizacion-en-santiago","status":"publish","type":"post","link":"https:\/\/portal.sma.gob.cl\/index.php\/sma-imparte-taller-de-fiscalizacion-en-santiago\/","title":{"rendered":"SMA imparte taller de fiscalizaci\u00f3n en Santiago"},"content":{"rendered":"<p style=\"text-align: justify;\"><strong><img decoding=\"async\" class=\"size-auto size-full wp-image-15896\" src=\"https:\/\/portal.sma.gob.cl\/wp-content\/uploads\/2014\/05\/760x30-05-14.jpg\" alt=\"760x30-05-14\" width=\"760\" height=\"300\" srcset=\"https:\/\/portal.sma.gob.cl\/wp-content\/uploads\/2014\/05\/760x30-05-14-200x79.jpg 200w, https:\/\/portal.sma.gob.cl\/wp-content\/uploads\/2014\/05\/760x30-05-14-300x118.jpg 300w, https:\/\/portal.sma.gob.cl\/wp-content\/uploads\/2014\/05\/760x30-05-14-400x158.jpg 400w, https:\/\/portal.sma.gob.cl\/wp-content\/uploads\/2014\/05\/760x30-05-14-600x237.jpg 600w, https:\/\/portal.sma.gob.cl\/wp-content\/uploads\/2014\/05\/760x30-05-14.jpg 760w\" sizes=\"(max-width: 760px) 100vw, 760px\" \/><\/strong><\/p>\n<p style=\"text-align: justify;\"><strong>Continuando con su programa de capacitaciones, la Superintendencia del Medio Ambiente (SMA) cont\u00f3 con m\u00e1s de 80 asistentes a la actividad realizada en la capital.<\/strong><\/p>\n<p>  <!--more-->  <\/p>\n<p style=\"text-align: justify;\"><strong>Santiago, 29 de mayo de 2014<\/strong>. La Superintendencia del Medio Ambiente (SMA), siguiendo con su cronograma de capacitaci\u00f3n 2014, destinado a los organismos con competencia ambiental, realiz\u00f3 el taller correspondiente a la Regi\u00f3n Metropolitana en el auditorio de la Corporaci\u00f3n de Fomento de la Producci\u00f3n (CORFO), en Santiago.<\/p>\n<p style=\"text-align: justify;\">Esta jornada fue inaugurada por la fiscal Dominique Herv\u00e9, quien agradeci\u00f3 la alta convocatoria, que congreg\u00f3 a m\u00e1s de 80 funcionarios p\u00fablicos. Estas capacitaciones se est\u00e1n efectuando en todas las regiones del pa\u00eds, y buscan capacitar a los 15 servicios p\u00fablicos que colaboran con la SMA, por medio del Programa de Fiscalizaci\u00f3n ambiental 2014.<\/p>\n<p style=\"text-align: justify;\">Materias tales como la planificaci\u00f3n de una fiscalizaci\u00f3n, la realizaci\u00f3n de mediciones en terreno, la redacci\u00f3n del acta y el seguimiento ambiental; fueron abordadas como temas principales en la jornada.<\/p>\n<p style=\"text-align: justify;\">\u201cAgradecemos la gran convocatoria. Queremos que ustedes conozcan nuestros protocolos y la manera de fiscalizar en terreno los distintos proyectos para asegurarnos que est\u00e9n cumpliendo con su normativa ambiental. Vamos a recoger todas sus inquietudes y mejorar los aspectos formales que se requieran para coordinarnos mejor con ustedes y efectuar una fiscalizaci\u00f3n cada vez m\u00e1s eficiente por el bien de Chile\u201d, sostuvo el Jefe de la Macro Zona Centro de la SMA, Cristi\u00e1n Jorquera, quien expuso en la instancia.<\/p>\n<p style=\"text-align: justify;\">La jornada, que cont\u00f3 con una amena discusi\u00f3n de los distintos t\u00f3picos, fue abordada por Jorquera junto a Esteban Dattwyler, Sandra Hern\u00e1ndez y Boris Cerda, profesionales de la Divisi\u00f3n de Fiscalizaci\u00f3n de la SMA. A la jornada asistieron jefes de Divisi\u00f3n, Unidad y profesionales de la Seremi de Obras P\u00fablica Metropolitana, de la Seremi de Salud, Seremi de Transportes, Superintendencia de Servicios Sanitarios, Superintendencia de Electricidad y Combustibles, Consejo de Monumentos Nacionales, Conaf, Servicio Agr\u00edcola y Ganadero, Direcci\u00f3n de Obras Hidr\u00e1ulicas del MOP, y del Servicio de Evaluaci\u00f3n Ambiental.<\/p>\n<p style=\"text-align: justify;\">Estas actividades se basan en la Resoluci\u00f3n Exenta 277\/2012, que establece el Procedimiento de Fiscalizaci\u00f3n para las Resoluciones de Calificaci\u00f3n Ambiental (RCA); y en la 276\/2012, que fija el procedimiento de fiscalizaci\u00f3n para las normas de emisi\u00f3n, de calidad, y de planes de prevenci\u00f3n, y descontaminaci\u00f3n.<\/p>\n","protected":false},"excerpt":{"rendered":"<p>Continuando con su programa de capacitaciones, la Superintendencia del Medio Ambiente (SMA) cont\u00f3 con m\u00e1s de 80 asistentes a la actividad realizada en la capital.<\/p>\n","protected":false},"author":3,"featured_media":15896,"comment_status":"open","ping_status":"open","sticky":false,"template":"","format":"standard","meta":{"footnotes":""},"categories":[94],"tags":[],"class_list":["post-15897","post","type-post","status-publish","format-standard","has-post-thumbnail","hentry","category-notas-noticias"],"_links":{"self":[{"href":"https:\/\/portal.sma.gob.cl\/index.php\/wp-json\/wp\/v2\/posts\/15897","targetHints":{"allow":["GET"]}}],"collection":[{"href":"https:\/\/portal.sma.gob.cl\/index.php\/wp-json\/wp\/v2\/posts"}],"about":[{"href":"https:\/\/portal.sma.gob.cl\/index.php\/wp-json\/wp\/v2\/types\/post"}],"author":[{"embeddable":true,"href":"https:\/\/portal.sma.gob.cl\/index.php\/wp-json\/wp\/v2\/users\/3"}],"replies":[{"embeddable":true,"href":"https:\/\/portal.sma.gob.cl\/index.php\/wp-json\/wp\/v2\/comments?post=15897"}],"version-history":[{"count":0,"href":"https:\/\/portal.sma.gob.cl\/index.php\/wp-json\/wp\/v2\/posts\/15897\/revisions"}],"wp:featuredmedia":[{"embeddable":true,"href":"https:\/\/portal.sma.gob.cl\/index.php\/wp-json\/wp\/v2\/media\/15896"}],"wp:attachment":[{"href":"https:\/\/portal.sma.gob.cl\/index.php\/wp-json\/wp\/v2\/media?parent=15897"}],"wp:term":[{"taxonomy":"category","embeddable":true,"href":"https:\/\/portal.sma.gob.cl\/index.php\/wp-json\/wp\/v2\/categories?post=15897"},{"taxonomy":"post_tag","embeddable":true,"href":"https:\/\/portal.sma.gob.cl\/index.php\/wp-json\/wp\/v2\/tags?post=15897"}],"curies":[{"name":"wp","href":"https:\/\/api.w.org\/{rel}","templated":true}]}}