{"id":15898,"date":"2014-05-30T16:39:35","date_gmt":"2014-05-30T16:39:35","guid":{"rendered":"https:\/\/portal.sma.gob.cl\/index.php\/2014\/05\/30\/primera-sesion-del-consejo-de-la-sociedad-civil-2014\/"},"modified":"2014-05-30T16:39:35","modified_gmt":"2014-05-30T16:39:35","slug":"primera-sesion-del-consejo-de-la-sociedad-civil-2014","status":"publish","type":"post","link":"https:\/\/portal.sma.gob.cl\/index.php\/primera-sesion-del-consejo-de-la-sociedad-civil-2014\/","title":{"rendered":"Primera sesi\u00f3n del Consejo de la Sociedad Civil 2014"},"content":{"rendered":"<p style=\"text-align: justify;\"><img decoding=\"async\" class=\"size-auto size-full wp-image-15896\" src=\"https:\/\/portal.sma.gob.cl\/wp-content\/uploads\/2014\/05\/760x30-05-14.jpg\" alt=\"760x30-05-14\" width=\"760\" height=\"300\" srcset=\"https:\/\/portal.sma.gob.cl\/wp-content\/uploads\/2014\/05\/760x30-05-14-200x79.jpg 200w, https:\/\/portal.sma.gob.cl\/wp-content\/uploads\/2014\/05\/760x30-05-14-300x118.jpg 300w, https:\/\/portal.sma.gob.cl\/wp-content\/uploads\/2014\/05\/760x30-05-14-400x158.jpg 400w, https:\/\/portal.sma.gob.cl\/wp-content\/uploads\/2014\/05\/760x30-05-14-600x237.jpg 600w, https:\/\/portal.sma.gob.cl\/wp-content\/uploads\/2014\/05\/760x30-05-14.jpg 760w\" sizes=\"(max-width: 760px) 100vw, 760px\" \/><\/p>\n<p style=\"text-align: justify;\"><strong>En la reuni\u00f3n los representantes de la sociedad civil conocieron aspectos de la Planificaci\u00f3n Estrat\u00e9gica de la SMA para el periodo 2014-2018.<\/strong><\/p>\n<p>  <!--more-->  <\/p>\n<p style=\"text-align: justify;\"><strong>Santiago, 30 de mayo<\/strong>. En el marco de la Ley 20.500, Sobre Asociaciones y Participaci\u00f3n Ciudadana en la Gesti\u00f3n P\u00fablica, la Superintendencia del Medio Ambiente (SMA) cit\u00f3 al Consejo de la Sociedad Civil para realizar su primera sesi\u00f3n del a\u00f1o 2014.<\/p>\n<p style=\"text-align: justify;\">En la ocasi\u00f3n, los integrantes de la instancia conocieron el nuevo reglamento para el Consejo (Resoluci\u00f3n 1360\/2013). A la vez, el Superintendente (PT), Cristi\u00e1n Franz, dio a conocer a los integrantes la nuestra estructura org\u00e1nica de la Superintendencia, quien tambi\u00e9n les coment\u00f3 sobre la Planificaci\u00f3n Estrat\u00e9gica de la SMA para el periodo 2014-2018.<\/p>\n<p style=\"text-align: justify;\">El Consejo tiene un car\u00e1cter consultivo, representativo, plural y diverso. Tambi\u00e9n participa en los procesos de consulta de los planes, programas o pol\u00edticas en materia de seguimiento y fiscalizaci\u00f3n ambiental que la instituci\u00f3n estime pertinente. La instancia est\u00e1 integrada por 10 representantes de gremios, ONG, universidades y centros de estudio<\/p>\n<p style=\"text-align: justify;\">En esta oportunidad, participaron Pablo Valenzuela (Casa de la Paz); Paulina Riquelme (CPC); \u00c1lvaro Acevedo (Sofofa); Juan Manuel Uribe (Universidad de Chile); Sergio Montenegro (Centro de Derecho Ambiental de la U. de Chile); Camila B\u00f6ettiger (Universidad del Desarrollo); Felipe Labra (Colegio de Ingenieros en Recursos Naturales A.G.); Alex Sol\u00eds (CUT); Mar\u00eda Isabel Aninat, (Centro de Estudios P\u00fablicos).<\/p>\n","protected":false},"excerpt":{"rendered":"<p>En la reuni\u00f3n los representantes de la sociedad civil conocieron aspectos de la Planificaci\u00f3n Estrat\u00e9gica de la SMA para el periodo 2014-2018.<\/p>\n","protected":false},"author":3,"featured_media":15896,"comment_status":"open","ping_status":"open","sticky":false,"template":"","format":"standard","meta":{"footnotes":""},"categories":[94],"tags":[],"class_list":["post-15898","post","type-post","status-publish","format-standard","has-post-thumbnail","hentry","category-notas-noticias"],"_links":{"self":[{"href":"https:\/\/portal.sma.gob.cl\/index.php\/wp-json\/wp\/v2\/posts\/15898","targetHints":{"allow":["GET"]}}],"collection":[{"href":"https:\/\/portal.sma.gob.cl\/index.php\/wp-json\/wp\/v2\/posts"}],"about":[{"href":"https:\/\/portal.sma.gob.cl\/index.php\/wp-json\/wp\/v2\/types\/post"}],"author":[{"embeddable":true,"href":"https:\/\/portal.sma.gob.cl\/index.php\/wp-json\/wp\/v2\/users\/3"}],"replies":[{"embeddable":true,"href":"https:\/\/portal.sma.gob.cl\/index.php\/wp-json\/wp\/v2\/comments?post=15898"}],"version-history":[{"count":0,"href":"https:\/\/portal.sma.gob.cl\/index.php\/wp-json\/wp\/v2\/posts\/15898\/revisions"}],"wp:featuredmedia":[{"embeddable":true,"href":"https:\/\/portal.sma.gob.cl\/index.php\/wp-json\/wp\/v2\/media\/15896"}],"wp:attachment":[{"href":"https:\/\/portal.sma.gob.cl\/index.php\/wp-json\/wp\/v2\/media?parent=15898"}],"wp:term":[{"taxonomy":"category","embeddable":true,"href":"https:\/\/portal.sma.gob.cl\/index.php\/wp-json\/wp\/v2\/categories?post=15898"},{"taxonomy":"post_tag","embeddable":true,"href":"https:\/\/portal.sma.gob.cl\/index.php\/wp-json\/wp\/v2\/tags?post=15898"}],"curies":[{"name":"wp","href":"https:\/\/api.w.org\/{rel}","templated":true}]}}