{"id":15900,"date":"2014-05-30T19:06:06","date_gmt":"2014-05-30T19:06:06","guid":{"rendered":"https:\/\/portal.sma.gob.cl\/index.php\/2014\/05\/30\/superintendente-participa-en-taller-de-la-sma-en-concepcion\/"},"modified":"2014-05-30T19:06:06","modified_gmt":"2014-05-30T19:06:06","slug":"superintendente-participa-en-taller-de-la-sma-en-concepcion","status":"publish","type":"post","link":"https:\/\/portal.sma.gob.cl\/index.php\/superintendente-participa-en-taller-de-la-sma-en-concepcion\/","title":{"rendered":"Superintendente participa en taller de la SMA en Concepci\u00f3n"},"content":{"rendered":"<p style=\"text-align: justify;\"><strong><img decoding=\"async\" class=\"size-auto size-full wp-image-15899\" src=\"https:\/\/portal.sma.gob.cl\/wp-content\/uploads\/2014\/05\/bio760.jpg\" alt=\"bio760\" width=\"760\" height=\"300\" srcset=\"https:\/\/portal.sma.gob.cl\/wp-content\/uploads\/2014\/05\/bio760-200x79.jpg 200w, https:\/\/portal.sma.gob.cl\/wp-content\/uploads\/2014\/05\/bio760-300x118.jpg 300w, https:\/\/portal.sma.gob.cl\/wp-content\/uploads\/2014\/05\/bio760-400x158.jpg 400w, https:\/\/portal.sma.gob.cl\/wp-content\/uploads\/2014\/05\/bio760-600x237.jpg 600w, https:\/\/portal.sma.gob.cl\/wp-content\/uploads\/2014\/05\/bio760.jpg 760w\" sizes=\"(max-width: 760px) 100vw, 760px\" \/><\/strong><\/p>\n<p style=\"text-align: justify;\"><strong>La Superintendencia del Medio Ambiente (SMA), siguiendo con su programa de capacitaciones curs\u00f3 un taller a profesionales de organismos p\u00fablicos en la capital regional del B\u00edo B\u00edo.<\/strong><\/p>\n<p>  <!--more-->  <\/p>\n<p style=\"text-align: justify;\"><strong>Concepci\u00f3n, 28 de mayo de 2014<\/strong>. El Superintendente del Medio Ambiente (TP), Cristi\u00e1n Franz, lider\u00f3 el taller de fiscalizaci\u00f3n ambiental que realiz\u00f3 la SMA en la ciudad de Concepci\u00f3n.<\/p>\n<p style=\"text-align: justify;\">Lo anterior, en el marco del cronograma de capacitaciones 2014, que imparte la SMA, y que est\u00e1 destinado a los organismos con competencia ambiental para coordinar y mejorar los est\u00e1ndares de fiscalizaci\u00f3n.<\/p>\n<p style=\"text-align: justify;\">\u201cQueremos potenciar la calidad de la fiscalizaci\u00f3n ambiental. Para ello, es primordial que mejoremos y ampliemos nuestra coordinaci\u00f3n para cumplir este objetivo. Y al respecto, estamos trabajando en la conformaci\u00f3n de una Red Nacional de Fiscalizaci\u00f3n Ambiental (RENFA), en la que participemos todos coordinadamente. Nuestra idea es que la calidad de la fiscalizaci\u00f3n ambiental en Chile mejore d\u00eda a d\u00eda, para proteger as\u00ed el medio ambiente donde viven los chilenos y chilenas\u201d, sostuvo el Superintendente.<\/p>\n<p style=\"text-align: justify;\">Cabe se\u00f1alar, que estos talleres se realizar\u00e1n en todas las regiones del pa\u00eds, y buscan capacitar a los 15 servicios p\u00fablicos que tienen a su cargo actividades de fiscalizaci\u00f3n, ya sea mediante el Programa de Fiscalizaci\u00f3n ambiental 2014 de la SMA, o bien, a trav\u00e9s de denuncias.<\/p>\n<p style=\"text-align: justify;\">Estas actividades se basan en la Resoluci\u00f3n Exenta 277\/2012, que establece el Procedimiento de Fiscalizaci\u00f3n para las Resoluciones de Calificaci\u00f3n Ambiental (RCA); y en la 276\/2012, que fija el procedimiento de fiscalizaci\u00f3n para las normas de emisi\u00f3n, de calidad, y de planes de prevenci\u00f3n, y descontaminaci\u00f3n.<\/p>\n<p style=\"text-align: justify;\">En la actividad realizada en Concepci\u00f3n, expusieron el Jefe de la Macro Zona Sur de la SMA, Eduardo Rodr\u00edguez; y los funcionarios de la Divisi\u00f3n de Fiscalizaci\u00f3n, Juan Pablo Granzow y Gloria Gallegos. A la cita, asistieron funcionarios del Servicio Agr\u00edcola y Ganadero (SAG); de la Superintendencia de Electricidad y Combustibles (SEC); de la Superintendencia de Servicios Sanitarios (SISS); Conaf y Sernapesca, entre otros.<\/p>\n<p style=\"text-align: justify;\">Pr\u00f3ximamente, en la zona sur est\u00e1n programados los siguientes talleres: Regi\u00f3n de los R\u00edos, 11 de junio; Regi\u00f3n de los Lagos, 12 de junio; y Regi\u00f3n del Maule, 19 de junio.<\/p>\n","protected":false},"excerpt":{"rendered":"<p>La Superintendencia del Medio Ambiente (SMA), siguiendo con su programa de capacitaciones curs\u00f3 un taller a profesionales de organismos p\u00fablicos en la capital regional del B\u00edo B\u00edo.<\/p>\n","protected":false},"author":3,"featured_media":15899,"comment_status":"open","ping_status":"open","sticky":false,"template":"","format":"standard","meta":{"footnotes":""},"categories":[94],"tags":[],"class_list":["post-15900","post","type-post","status-publish","format-standard","has-post-thumbnail","hentry","category-notas-noticias"],"_links":{"self":[{"href":"https:\/\/portal.sma.gob.cl\/index.php\/wp-json\/wp\/v2\/posts\/15900","targetHints":{"allow":["GET"]}}],"collection":[{"href":"https:\/\/portal.sma.gob.cl\/index.php\/wp-json\/wp\/v2\/posts"}],"about":[{"href":"https:\/\/portal.sma.gob.cl\/index.php\/wp-json\/wp\/v2\/types\/post"}],"author":[{"embeddable":true,"href":"https:\/\/portal.sma.gob.cl\/index.php\/wp-json\/wp\/v2\/users\/3"}],"replies":[{"embeddable":true,"href":"https:\/\/portal.sma.gob.cl\/index.php\/wp-json\/wp\/v2\/comments?post=15900"}],"version-history":[{"count":0,"href":"https:\/\/portal.sma.gob.cl\/index.php\/wp-json\/wp\/v2\/posts\/15900\/revisions"}],"wp:featuredmedia":[{"embeddable":true,"href":"https:\/\/portal.sma.gob.cl\/index.php\/wp-json\/wp\/v2\/media\/15899"}],"wp:attachment":[{"href":"https:\/\/portal.sma.gob.cl\/index.php\/wp-json\/wp\/v2\/media?parent=15900"}],"wp:term":[{"taxonomy":"category","embeddable":true,"href":"https:\/\/portal.sma.gob.cl\/index.php\/wp-json\/wp\/v2\/categories?post=15900"},{"taxonomy":"post_tag","embeddable":true,"href":"https:\/\/portal.sma.gob.cl\/index.php\/wp-json\/wp\/v2\/tags?post=15900"}],"curies":[{"name":"wp","href":"https:\/\/api.w.org\/{rel}","templated":true}]}}