{"id":15902,"date":"2014-06-02T19:38:22","date_gmt":"2014-06-02T19:38:22","guid":{"rendered":"https:\/\/portal.sma.gob.cl\/index.php\/2014\/06\/02\/sma-realiza-taller-de-fiscalizacion-ambiental-en-punta-arenas\/"},"modified":"2014-06-02T19:38:22","modified_gmt":"2014-06-02T19:38:22","slug":"sma-realiza-taller-de-fiscalizacion-ambiental-en-punta-arenas","status":"publish","type":"post","link":"https:\/\/portal.sma.gob.cl\/index.php\/sma-realiza-taller-de-fiscalizacion-ambiental-en-punta-arenas\/","title":{"rendered":"SMA realiza taller de fiscalizaci\u00f3n ambiental en Punta Arenas"},"content":{"rendered":"<p style=\"text-align: justify;\"><strong><img decoding=\"async\" class=\"size-auto size-full wp-image-15901\" src=\"https:\/\/portal.sma.gob.cl\/wp-content\/uploads\/2014\/06\/760x-2-06-14.jpg\" alt=\"760x-2-06-14\" width=\"760\" height=\"300\" srcset=\"https:\/\/portal.sma.gob.cl\/wp-content\/uploads\/2014\/06\/760x-2-06-14-200x79.jpg 200w, https:\/\/portal.sma.gob.cl\/wp-content\/uploads\/2014\/06\/760x-2-06-14-300x118.jpg 300w, https:\/\/portal.sma.gob.cl\/wp-content\/uploads\/2014\/06\/760x-2-06-14-400x158.jpg 400w, https:\/\/portal.sma.gob.cl\/wp-content\/uploads\/2014\/06\/760x-2-06-14-600x237.jpg 600w, https:\/\/portal.sma.gob.cl\/wp-content\/uploads\/2014\/06\/760x-2-06-14.jpg 760w\" sizes=\"(max-width: 760px) 100vw, 760px\" \/><\/strong><\/p>\n<p style=\"text-align: justify;\"><strong>Con el fin de abarcar todas las regiones del pa\u00eds, la Superintendencia del Medio Ambiente (SMA), contin\u00faa con su cronograma de capacitaciones a organismos p\u00fablicos.<\/strong><\/p>\n<p>  <!--more-->  <\/p>\n<p style=\"text-align: justify;\"><strong>Punta Arenas, 27 de mayo de 201<\/strong>4. La Superintendencia del Medio Ambiente (SMA), siguiendo con su cronograma de capacitaci\u00f3n 2014, destinado a los organismos con competencia ambiental, realiz\u00f3 el taller correspondiente a la Regi\u00f3n de Magallanes, espec\u00edficamente, en el Auditorio del Ministerio de Obras P\u00fablicas de Punta Arenas.<\/p>\n<p style=\"text-align: justify;\">Los cursos se impartir\u00e1n en todas las regiones del pa\u00eds, y buscan reforzar conocimientos a profesionales de los 15 servicios p\u00fablicos que tienen a su cargo actividades de fiscalizaci\u00f3n, ya sea mediante el Programa de Fiscalizaci\u00f3n ambiental 2014 de la SMA, o bien, a trav\u00e9s de denuncias.<\/p>\n<p style=\"text-align: justify;\">En la actividad, se plantearon temas como las competencias y atribuciones de la SMA; las formas de fiscalizaci\u00f3n; los programas y subprogramas de fiscalizaci\u00f3n; la importancia de la planificaci\u00f3n; y el llenado del acta de fiscalizaci\u00f3n, entre otros.<\/p>\n<p style=\"text-align: justify;\">\u201cYa hemos abarcado gran parte del sur de Chile y queremos llegar a todas las regiones para capacitar a los t\u00e9cnicos y profesionales de los organismos que trabajan con nosotros, para tener est\u00e1ndares y protocolos de inspecci\u00f3n certeros, que nos permitan realizar una fiscalizaci\u00f3n ambiental acorde con la normativa vigente\u201d, sostuvo el jefe de la Macro Zona Sur de la SMA, Eduardo Rodr\u00edguez.<\/p>\n<p style=\"text-align: justify;\">Los talleres se basan en la Resoluci\u00f3n Exenta 277\/2012, que establece el Procedimiento de Fiscalizaci\u00f3n para las Resoluciones de Calificaci\u00f3n Ambiental (RCA); y en la 276\/2012, que fija el procedimiento de fiscalizaci\u00f3n para las normas de emisi\u00f3n, de calidad, y de planes de prevenci\u00f3n, y descontaminaci\u00f3n.<\/p>\n<p style=\"text-align: justify;\">En esta oportunidad, en la ciudad de Punta Arenas expusieron el Jefe de la Macro Zona Sur de la SMA, Eduardo Rodr\u00edguez; y los funcionarios de la Divisi\u00f3n de Fiscalizaci\u00f3n, Juan Pablo Rodr\u00edguez y Andy Morrison. Cabe indicar que a la cita, asistieron funcionarios del Servicio Agr\u00edcola y Ganadero (SAG); Seremi de Salud; Conaf y Sernapesca, entre otros.<\/p>\n<p style=\"text-align: justify;\">SMA anuncia que para la zona sur est\u00e1n programados los siguientes talleres: Regi\u00f3n de los R\u00edos (11 de junio); Regi\u00f3n de los Lagos (12 de junio); y Regi\u00f3n del Maule (19 de junio).<\/p>\n","protected":false},"excerpt":{"rendered":"<p>Con el fin de abarcar todas las regiones del pa\u00eds, la Superintendencia del Medio Ambiente (SMA), contin\u00faa con su cronograma de capacitaciones a organismos p\u00fablicos.<\/p>\n","protected":false},"author":3,"featured_media":15901,"comment_status":"open","ping_status":"open","sticky":false,"template":"","format":"standard","meta":{"footnotes":""},"categories":[94],"tags":[],"class_list":["post-15902","post","type-post","status-publish","format-standard","has-post-thumbnail","hentry","category-notas-noticias"],"_links":{"self":[{"href":"https:\/\/portal.sma.gob.cl\/index.php\/wp-json\/wp\/v2\/posts\/15902","targetHints":{"allow":["GET"]}}],"collection":[{"href":"https:\/\/portal.sma.gob.cl\/index.php\/wp-json\/wp\/v2\/posts"}],"about":[{"href":"https:\/\/portal.sma.gob.cl\/index.php\/wp-json\/wp\/v2\/types\/post"}],"author":[{"embeddable":true,"href":"https:\/\/portal.sma.gob.cl\/index.php\/wp-json\/wp\/v2\/users\/3"}],"replies":[{"embeddable":true,"href":"https:\/\/portal.sma.gob.cl\/index.php\/wp-json\/wp\/v2\/comments?post=15902"}],"version-history":[{"count":0,"href":"https:\/\/portal.sma.gob.cl\/index.php\/wp-json\/wp\/v2\/posts\/15902\/revisions"}],"wp:featuredmedia":[{"embeddable":true,"href":"https:\/\/portal.sma.gob.cl\/index.php\/wp-json\/wp\/v2\/media\/15901"}],"wp:attachment":[{"href":"https:\/\/portal.sma.gob.cl\/index.php\/wp-json\/wp\/v2\/media?parent=15902"}],"wp:term":[{"taxonomy":"category","embeddable":true,"href":"https:\/\/portal.sma.gob.cl\/index.php\/wp-json\/wp\/v2\/categories?post=15902"},{"taxonomy":"post_tag","embeddable":true,"href":"https:\/\/portal.sma.gob.cl\/index.php\/wp-json\/wp\/v2\/tags?post=15902"}],"curies":[{"name":"wp","href":"https:\/\/api.w.org\/{rel}","templated":true}]}}