{"id":15904,"date":"2014-06-04T16:04:20","date_gmt":"2014-06-04T16:04:20","guid":{"rendered":"https:\/\/portal.sma.gob.cl\/index.php\/2014\/06\/04\/continuan-los-talleres-de-la-sma-ahora-se-efectuo-en-rancagua\/"},"modified":"2014-06-04T16:04:20","modified_gmt":"2014-06-04T16:04:20","slug":"continuan-los-talleres-de-la-sma-ahora-se-efectuo-en-rancagua","status":"publish","type":"post","link":"https:\/\/portal.sma.gob.cl\/index.php\/continuan-los-talleres-de-la-sma-ahora-se-efectuo-en-rancagua\/","title":{"rendered":"Contin\u00faan los talleres de la SMA: ahora se efectu\u00f3 en Rancagua"},"content":{"rendered":"<p style=\"text-align: justify;\"><strong><img decoding=\"async\" class=\"size-auto size-full wp-image-15903\" src=\"https:\/\/portal.sma.gob.cl\/wp-content\/uploads\/2014\/06\/760x-4-06-14.jpg\" alt=\"760x-4-06-14\" width=\"760\" height=\"300\" srcset=\"https:\/\/portal.sma.gob.cl\/wp-content\/uploads\/2014\/06\/760x-4-06-14-200x79.jpg 200w, https:\/\/portal.sma.gob.cl\/wp-content\/uploads\/2014\/06\/760x-4-06-14-300x118.jpg 300w, https:\/\/portal.sma.gob.cl\/wp-content\/uploads\/2014\/06\/760x-4-06-14-400x158.jpg 400w, https:\/\/portal.sma.gob.cl\/wp-content\/uploads\/2014\/06\/760x-4-06-14-600x237.jpg 600w, https:\/\/portal.sma.gob.cl\/wp-content\/uploads\/2014\/06\/760x-4-06-14.jpg 760w\" sizes=\"(max-width: 760px) 100vw, 760px\" \/><\/strong><\/p>\n<p style=\"text-align: justify;\"><strong>La Superintendencia del Medio Ambiente (SMA) lleva adelante su cronograma de capacitaciones a organismos p\u00fablicos a lo largo del pa\u00eds.<\/strong><\/p>\n<p>  <!--more-->  <\/p>\n<p style=\"text-align: justify;\"><strong>Rancagua, 03 de junio de 2014<\/strong>. Continuando con su cronograma de capacitaci\u00f3n 2014, orientado a los organismos sectoriales con competencia ambiental, la Superintendencia del Medio Ambiente (SMA) realiz\u00f3 el taller correspondiente a la Regi\u00f3n de O\u00b4Higgins, en el auditorio del Ministerio de Obras P\u00fablicas (MOP), en Rancagua.<\/p>\n<p style=\"text-align: justify;\">Estas capacitaciones, que se efectuar\u00e1n en todo Chile, buscan reforzar conocimientos a profesionales de los servicios p\u00fablicos que tienen a su cargo actividades de fiscalizaci\u00f3n, contenidos en el Programa de Fiscalizaci\u00f3n ambiental 2014 de la SMA, o bien, mediante denuncias.<\/p>\n<p style=\"text-align: justify;\">A la jornada, asistieron m\u00e1s de cuarenta profesionales de diferentes organismos sectoriales con competencia ambiental en la zona, pertenecientes a la Seremi de Salud y de Medio Ambiente, del SAG, Conaf, Directemar, Sernapesca, SISS, entre otros.<\/p>\n<p style=\"text-align: justify;\">Los relatores de la actividad fueron: Rub\u00e9n Verdugo, jefe de la Divisi\u00f3n de Fiscalizaci\u00f3n de la SMA, Cristi\u00e1n P\u00e9rez, Encargado de Biodiversidad, y Karina Olivares, Fiscalizadora Regional. Entre las autoridades presentes, destacaron la Seremi de Medio Ambiente, Giovanna Amaya; el Director Regional de SERNAPESCA, Rodrigo Riquelme ; el Director (S) Regional de CONAF, Andr\u00e9s Herrera; y el Capit\u00e1n de Puerto de Pichilemu, Pablo Maturana Rosales.<\/p>\n<p style=\"text-align: justify;\">Durante el taller se plantearon temas como las competencias y atribuciones de la SMA; las formas de fiscalizaci\u00f3n; los programas y subprogramas de fiscalizaci\u00f3n; la importancia de la planificaci\u00f3n; y el llenado del acta de fiscalizaci\u00f3n, entre otros.<\/p>\n<p style=\"text-align: justify;\">\u201cSeguimos realizando esta capacitaci\u00f3n a nivel nacional, la que hasta el momento ha sido un \u00e9xito, en cuanto a convocatoria, porque hemos contado con gran presencia de profesionales de los servicios que colaboran con nosotros en fiscalizaci\u00f3n ambiental. Tambi\u00e9n las autoridades locales nos han respaldado fuertemente\u201d, sostuvo el jefe de la Divisi\u00f3n de Fiscalizaci\u00f3n de la SMA, Rub\u00e9n Verdugo, quien dio inicio a la actividad.<\/p>\n<p style=\"text-align: justify;\">Cabe indicar, que los talleres se basan en la Resoluci\u00f3n Exenta 277\/2013, que establece el Procedimiento de Fiscalizaci\u00f3n para las Resoluciones de Calificaci\u00f3n Ambiental (RCA); y en la 276\/2013, que fija el procedimiento de fiscalizaci\u00f3n para las normas de emisi\u00f3n, de calidad, y de planes de prevenci\u00f3n, y descontaminaci\u00f3n.<\/p>\n<p style=\"text-align: justify;\">La SMA anuncia que para la zona sur est\u00e1n programados los siguientes talleres: Regi\u00f3n de los R\u00edos (11 de junio); Regi\u00f3n de los Lagos (12 de junio); y Regi\u00f3n del Maule (19 de junio).<\/p>\n","protected":false},"excerpt":{"rendered":"<p>La Superintendencia del Medio Ambiente (SMA) lleva adelante su cronograma de capacitaciones a organismos p\u00fablicos a lo largo del pa\u00eds.<\/p>\n","protected":false},"author":3,"featured_media":15903,"comment_status":"open","ping_status":"open","sticky":false,"template":"","format":"standard","meta":{"footnotes":""},"categories":[94],"tags":[],"class_list":["post-15904","post","type-post","status-publish","format-standard","has-post-thumbnail","hentry","category-notas-noticias"],"_links":{"self":[{"href":"https:\/\/portal.sma.gob.cl\/index.php\/wp-json\/wp\/v2\/posts\/15904","targetHints":{"allow":["GET"]}}],"collection":[{"href":"https:\/\/portal.sma.gob.cl\/index.php\/wp-json\/wp\/v2\/posts"}],"about":[{"href":"https:\/\/portal.sma.gob.cl\/index.php\/wp-json\/wp\/v2\/types\/post"}],"author":[{"embeddable":true,"href":"https:\/\/portal.sma.gob.cl\/index.php\/wp-json\/wp\/v2\/users\/3"}],"replies":[{"embeddable":true,"href":"https:\/\/portal.sma.gob.cl\/index.php\/wp-json\/wp\/v2\/comments?post=15904"}],"version-history":[{"count":0,"href":"https:\/\/portal.sma.gob.cl\/index.php\/wp-json\/wp\/v2\/posts\/15904\/revisions"}],"wp:featuredmedia":[{"embeddable":true,"href":"https:\/\/portal.sma.gob.cl\/index.php\/wp-json\/wp\/v2\/media\/15903"}],"wp:attachment":[{"href":"https:\/\/portal.sma.gob.cl\/index.php\/wp-json\/wp\/v2\/media?parent=15904"}],"wp:term":[{"taxonomy":"category","embeddable":true,"href":"https:\/\/portal.sma.gob.cl\/index.php\/wp-json\/wp\/v2\/categories?post=15904"},{"taxonomy":"post_tag","embeddable":true,"href":"https:\/\/portal.sma.gob.cl\/index.php\/wp-json\/wp\/v2\/tags?post=15904"}],"curies":[{"name":"wp","href":"https:\/\/api.w.org\/{rel}","templated":true}]}}