{"id":15906,"date":"2014-06-04T20:06:46","date_gmt":"2014-06-04T20:06:46","guid":{"rendered":"https:\/\/portal.sma.gob.cl\/index.php\/2014\/06\/04\/sma-imparte-taller-de-fiscalizacion-en-la-serena\/"},"modified":"2014-06-04T20:06:46","modified_gmt":"2014-06-04T20:06:46","slug":"sma-imparte-taller-de-fiscalizacion-en-la-serena","status":"publish","type":"post","link":"https:\/\/portal.sma.gob.cl\/index.php\/sma-imparte-taller-de-fiscalizacion-en-la-serena\/","title":{"rendered":"SMA imparte taller de fiscalizaci\u00f3n en La Serena"},"content":{"rendered":"<p style=\"text-align: justify;\"><strong><img decoding=\"async\" class=\"size-auto size-full wp-image-15905\" src=\"https:\/\/portal.sma.gob.cl\/wp-content\/uploads\/2014\/06\/760x-41-06-14.jpg\" alt=\"760x-41-06-14\" width=\"760\" height=\"300\" srcset=\"https:\/\/portal.sma.gob.cl\/wp-content\/uploads\/2014\/06\/760x-41-06-14-200x79.jpg 200w, https:\/\/portal.sma.gob.cl\/wp-content\/uploads\/2014\/06\/760x-41-06-14-300x118.jpg 300w, https:\/\/portal.sma.gob.cl\/wp-content\/uploads\/2014\/06\/760x-41-06-14-400x158.jpg 400w, https:\/\/portal.sma.gob.cl\/wp-content\/uploads\/2014\/06\/760x-41-06-14-600x237.jpg 600w, https:\/\/portal.sma.gob.cl\/wp-content\/uploads\/2014\/06\/760x-41-06-14.jpg 760w\" sizes=\"(max-width: 760px) 100vw, 760px\" \/><\/strong><\/p>\n<p style=\"text-align: justify;\"><strong>La Superintendencia del Medio Ambiente (SMA), realiz\u00f3 la capacitaci\u00f3n sobre inspecci\u00f3n ambiental a organismos sectoriales, en la Regi\u00f3n de Coquimbo.<\/strong><\/p>\n<p>  <!--more-->  <\/p>\n<p style=\"text-align: justify;\"><strong>La Serena, 03 de junio de 2014<\/strong>.La Superintendencia del Medio Ambiente (SMA), siguiendo con su cronograma de capacitaci\u00f3n 2014, destinado a los organismos con competencia ambiental, realiz\u00f3 el taller correspondiente a la Regi\u00f3n de Coquimbo, en el auditorio del Ministerio de Obras P\u00fablicas de La Serena.<\/p>\n<p style=\"text-align: justify;\">\u201cSeguimos realizando talleres de fiscalizaci\u00f3n a lo largo de Chile, con el objetivo de llegar a todos los profesionales que trabajan en servicios con competencia ambiental. En Santiago tuvimos una excelente acogida, con m\u00e1s de 80 participantes, y ahora en La Serena vimos tambi\u00e9n una alta participaci\u00f3n. Estamos muy contentos\u201d, sostuvo el jefe de la Macro Zona Centro de la SMA, Cristi\u00e1n Jorquera.<\/p>\n<p style=\"text-align: justify;\">En la actividad, tal como en otros cursos que ya se han realizado, se abordaron temas, tales como las competencias y atribuciones de la SMA; las formas de fiscalizaci\u00f3n; los programas y subprogramas de fiscalizaci\u00f3n; la importancia de la planificaci\u00f3n; y el llenado del acta de fiscalizaci\u00f3n, entre otros.<\/p>\n<p style=\"text-align: justify;\">Los talleres se basan en la Resoluci\u00f3n Exenta 277\/2012, que establece el Procedimiento de Fiscalizaci\u00f3n para las Resoluciones de Calificaci\u00f3n Ambiental (RCA); y en la 276\/2012, que fija el procedimiento de fiscalizaci\u00f3n para las normas de emisi\u00f3n, de calidad, y de planes de prevenci\u00f3n, y descontaminaci\u00f3n.<\/p>\n<p style=\"text-align: justify;\">En esta oportunidad, expusieron el Jefe de la Macro Zona Centro de la SMA, Cristi\u00e1n Jorquera; y los funcionarios de la Divisi\u00f3n de Fiscalizaci\u00f3n, Claudia Pastore y Andrea Masuero. Tambi\u00e9n asistieron al evento la Seremi de Medio Ambiente, Veronica Pinto Tapia; el Gobernador Mar\u00edtimo, capit\u00e1n Eduardo Rubilar; junto a funcionarios y jefes de Divisi\u00f3n y Unidad de la Seremi de Salud, Sernageomin, SAG, DGA, entre otros.<\/p>\n<p style=\"text-align: justify;\">Los cursos se impartir\u00e1n en todas las regiones del pa\u00eds, y buscan reforzar conocimientos a profesionales de los 15 servicios p\u00fablicos que tienen a su cargo actividades de fiscalizaci\u00f3n, ya sea mediante el Programa de Fiscalizaci\u00f3n ambiental 2014 de la SMA, o bien, a trav\u00e9s de denuncias.<\/p>\n<p style=\"text-align: justify;\">&nbsp;<\/p>\n","protected":false},"excerpt":{"rendered":"<p>La Superintendencia del Medio Ambiente (SMA), realiz\u00f3 la capacitaci\u00f3n sobre inspecci\u00f3n ambiental a organismos sectoriales, en la Regi\u00f3n de Coquimbo.<\/p>\n","protected":false},"author":3,"featured_media":15905,"comment_status":"open","ping_status":"open","sticky":false,"template":"","format":"standard","meta":{"footnotes":""},"categories":[94],"tags":[],"class_list":["post-15906","post","type-post","status-publish","format-standard","has-post-thumbnail","hentry","category-notas-noticias"],"_links":{"self":[{"href":"https:\/\/portal.sma.gob.cl\/index.php\/wp-json\/wp\/v2\/posts\/15906","targetHints":{"allow":["GET"]}}],"collection":[{"href":"https:\/\/portal.sma.gob.cl\/index.php\/wp-json\/wp\/v2\/posts"}],"about":[{"href":"https:\/\/portal.sma.gob.cl\/index.php\/wp-json\/wp\/v2\/types\/post"}],"author":[{"embeddable":true,"href":"https:\/\/portal.sma.gob.cl\/index.php\/wp-json\/wp\/v2\/users\/3"}],"replies":[{"embeddable":true,"href":"https:\/\/portal.sma.gob.cl\/index.php\/wp-json\/wp\/v2\/comments?post=15906"}],"version-history":[{"count":0,"href":"https:\/\/portal.sma.gob.cl\/index.php\/wp-json\/wp\/v2\/posts\/15906\/revisions"}],"wp:featuredmedia":[{"embeddable":true,"href":"https:\/\/portal.sma.gob.cl\/index.php\/wp-json\/wp\/v2\/media\/15905"}],"wp:attachment":[{"href":"https:\/\/portal.sma.gob.cl\/index.php\/wp-json\/wp\/v2\/media?parent=15906"}],"wp:term":[{"taxonomy":"category","embeddable":true,"href":"https:\/\/portal.sma.gob.cl\/index.php\/wp-json\/wp\/v2\/categories?post=15906"},{"taxonomy":"post_tag","embeddable":true,"href":"https:\/\/portal.sma.gob.cl\/index.php\/wp-json\/wp\/v2\/tags?post=15906"}],"curies":[{"name":"wp","href":"https:\/\/api.w.org\/{rel}","templated":true}]}}