{"id":15908,"date":"2014-06-04T20:53:41","date_gmt":"2014-06-04T20:53:41","guid":{"rendered":"https:\/\/portal.sma.gob.cl\/index.php\/2014\/06\/04\/en-arica-la-sma-dicta-su-decimo-taller-de-fiscalizacion\/"},"modified":"2014-06-04T20:53:41","modified_gmt":"2014-06-04T20:53:41","slug":"en-arica-la-sma-dicta-su-decimo-taller-de-fiscalizacion","status":"publish","type":"post","link":"https:\/\/portal.sma.gob.cl\/index.php\/en-arica-la-sma-dicta-su-decimo-taller-de-fiscalizacion\/","title":{"rendered":"En Arica la SMA dicta su d\u00e9cimo taller de fiscalizaci\u00f3n"},"content":{"rendered":"<p style=\"text-align: justify;\"><strong><img decoding=\"async\" class=\"size-auto size-full wp-image-15907\" src=\"https:\/\/portal.sma.gob.cl\/wp-content\/uploads\/2014\/06\/760x-42-06-14.jpg\" alt=\"760x-42-06-14\" width=\"760\" height=\"300\" srcset=\"https:\/\/portal.sma.gob.cl\/wp-content\/uploads\/2014\/06\/760x-42-06-14-200x79.jpg 200w, https:\/\/portal.sma.gob.cl\/wp-content\/uploads\/2014\/06\/760x-42-06-14-300x118.jpg 300w, https:\/\/portal.sma.gob.cl\/wp-content\/uploads\/2014\/06\/760x-42-06-14-400x158.jpg 400w, https:\/\/portal.sma.gob.cl\/wp-content\/uploads\/2014\/06\/760x-42-06-14-600x237.jpg 600w, https:\/\/portal.sma.gob.cl\/wp-content\/uploads\/2014\/06\/760x-42-06-14.jpg 760w\" sizes=\"(max-width: 760px) 100vw, 760px\" \/><\/strong><\/p>\n<p style=\"text-align: justify;\"><strong>En la Regi\u00f3n de Arica y Parinacota participaron diversos servicios p\u00fablicos y el Seremi de Medio Ambiente, Renato Brice\u00f1o.<\/strong><\/p>\n<p>  <!--more-->  <\/p>\n<p style=\"text-align: justify;\"><strong>Arica, 04 de junio de 2014<\/strong>. La Macro Zona Norte de la Superintendencia del Medio Ambiente (SMA) realiz\u00f3 el taller de fiscalizaci\u00f3n ambiental correspondiente a la Regi\u00f3n de Arica y Parinacota, el d\u00e9cimo que imparte la SMA a nivel pa\u00eds, para capacitar en materias ambientales a servicios p\u00fablicos.<\/p>\n<p style=\"text-align: justify;\">En la cita, la jefa de la Macro Zona Norte de la SMA, Mar\u00eda Isabel Reinoso, dio la bienvenida a los participantes, indicando que el trabajo de los organismos sectoriales, es primordial para la fiscalizaci\u00f3n. \u201cEn este a\u00f1o y medio de trabajo en conjunto, hemos podido reforzar las etapas de planificaci\u00f3n an\u00e1lisis de antecedentes y visita de inspecci\u00f3n, que rige nuestra funci\u00f3n\u201d, puntualiz\u00f3.<\/p>\n<p style=\"text-align: justify;\">El evento, cont\u00f3 con la presencia del Seremi de Medio Ambiente de la Regi\u00f3n, Renato Brice\u00f1o, y el Director Regional (S) del SEA, H\u00e9ctor Molina.<\/p>\n<p style=\"text-align: justify;\">La actividad se desarroll\u00f3 en la Universidad de Tarapac\u00e1 y cont\u00f3 con la activa participaci\u00f3n de funcionarios y funcionarias de la Seremi de Salud, Seremi de Medio Ambiente, CONAF, Sernageomin, SAG, Sernapesca; Directemar; DGA, Seremi de Salud, entre otros.<\/p>\n<p style=\"text-align: justify;\">Los encargados de liderar el encuentro, fueron los funcionarios de la Divisi\u00f3n de Fiscalizaci\u00f3n Christian Rojo y Juan Eduardo Johnson, qui\u00e9nes realizaron, en conjunto con los y las asistentes, un balance de las actividades de fiscalizaci\u00f3n, adem\u00e1s se abordaron situaciones pr\u00e1cticas que podr\u00edan darse particularmente en la Regi\u00f3n.<\/p>\n<p style=\"text-align: justify;\">El Seremi de Medio Ambiente de la Regi\u00f3n de Arica y Parinacota, Renato Brice\u00f1o acentu\u00f3 la importancia del evento regional. \u201cDestacamos el compromiso que ha asumido la Superintendencia del Medio Ambiente para fortalecer la institucionalidad ambiental vigente en nuestro pa\u00eds. Abrir un taller como este es una muestra fidedigna de aquello\u201d, afirm\u00f3.<\/p>\n","protected":false},"excerpt":{"rendered":"<p>En la Regi\u00f3n de Arica y Parinacota participaron diversos servicios p\u00fablicos y el Seremi de Medio Ambiente, Renato Brice\u00f1o.<\/p>\n","protected":false},"author":3,"featured_media":15907,"comment_status":"open","ping_status":"open","sticky":false,"template":"","format":"standard","meta":{"footnotes":""},"categories":[94],"tags":[],"class_list":["post-15908","post","type-post","status-publish","format-standard","has-post-thumbnail","hentry","category-notas-noticias"],"_links":{"self":[{"href":"https:\/\/portal.sma.gob.cl\/index.php\/wp-json\/wp\/v2\/posts\/15908","targetHints":{"allow":["GET"]}}],"collection":[{"href":"https:\/\/portal.sma.gob.cl\/index.php\/wp-json\/wp\/v2\/posts"}],"about":[{"href":"https:\/\/portal.sma.gob.cl\/index.php\/wp-json\/wp\/v2\/types\/post"}],"author":[{"embeddable":true,"href":"https:\/\/portal.sma.gob.cl\/index.php\/wp-json\/wp\/v2\/users\/3"}],"replies":[{"embeddable":true,"href":"https:\/\/portal.sma.gob.cl\/index.php\/wp-json\/wp\/v2\/comments?post=15908"}],"version-history":[{"count":0,"href":"https:\/\/portal.sma.gob.cl\/index.php\/wp-json\/wp\/v2\/posts\/15908\/revisions"}],"wp:featuredmedia":[{"embeddable":true,"href":"https:\/\/portal.sma.gob.cl\/index.php\/wp-json\/wp\/v2\/media\/15907"}],"wp:attachment":[{"href":"https:\/\/portal.sma.gob.cl\/index.php\/wp-json\/wp\/v2\/media?parent=15908"}],"wp:term":[{"taxonomy":"category","embeddable":true,"href":"https:\/\/portal.sma.gob.cl\/index.php\/wp-json\/wp\/v2\/categories?post=15908"},{"taxonomy":"post_tag","embeddable":true,"href":"https:\/\/portal.sma.gob.cl\/index.php\/wp-json\/wp\/v2\/tags?post=15908"}],"curies":[{"name":"wp","href":"https:\/\/api.w.org\/{rel}","templated":true}]}}