{"id":15910,"date":"2014-06-05T14:07:35","date_gmt":"2014-06-05T14:07:35","guid":{"rendered":"https:\/\/portal.sma.gob.cl\/index.php\/2014\/06\/05\/sma-conmemora-el-dia-mundial-del-medio-ambiente\/"},"modified":"2014-06-05T14:07:35","modified_gmt":"2014-06-05T14:07:35","slug":"sma-conmemora-el-dia-mundial-del-medio-ambiente","status":"publish","type":"post","link":"https:\/\/portal.sma.gob.cl\/index.php\/sma-conmemora-el-dia-mundial-del-medio-ambiente\/","title":{"rendered":"SMA conmemora el D\u00eda Mundial del Medio Ambiente"},"content":{"rendered":"<p style=\"text-align: justify;\"><strong><img decoding=\"async\" class=\"size-auto size-full wp-image-15909\" src=\"https:\/\/portal.sma.gob.cl\/wp-content\/uploads\/2014\/06\/760x-5-06-14.jpg\" alt=\"760x-5-06-14\" width=\"760\" height=\"300\" srcset=\"https:\/\/portal.sma.gob.cl\/wp-content\/uploads\/2014\/06\/760x-5-06-14-200x79.jpg 200w, https:\/\/portal.sma.gob.cl\/wp-content\/uploads\/2014\/06\/760x-5-06-14-300x118.jpg 300w, https:\/\/portal.sma.gob.cl\/wp-content\/uploads\/2014\/06\/760x-5-06-14-400x158.jpg 400w, https:\/\/portal.sma.gob.cl\/wp-content\/uploads\/2014\/06\/760x-5-06-14-600x237.jpg 600w, https:\/\/portal.sma.gob.cl\/wp-content\/uploads\/2014\/06\/760x-5-06-14.jpg 760w\" sizes=\"(max-width: 760px) 100vw, 760px\" \/><\/strong><\/p>\n<p style=\"text-align: justify;\"><strong>La Superintendencia del Medio Ambiente (SMA), celebra esta jornada como parte de su compromiso de velar por el cumplimiento de la normativa ambiental vigente en nuestro pa\u00eds.<\/strong><\/p>\n<p>  <!--more-->  <\/p>\n<p style=\"text-align: justify;\"><span style=\"line-height: 1.3em;\"><strong>Santiago, 05 de junio de 2014<\/strong>. Hoy se conmemora a nivel internacional el D\u00eda Mundial del Medio Ambiente. La Organizaci\u00f3n de Naciones Unidas (ONU) fij\u00f3 en 1972 esta fecha con el fin de generar conciencia en la poblaci\u00f3n sobre la importancia de resguardar nuestro entorno natural y los recursos de nuestro planeta para las futuras generaciones. A lo largo de los a\u00f1os, esta celebraci\u00f3n ha crecido hasta convertirse en una plataforma global en la que participan personas de m\u00e1s de 100 pa\u00edses.<\/span><\/p>\n<p style=\"text-align: justify;\">La Superintendencia del Medio Ambiente (SMA), con casi un a\u00f1o y medio de funcionamiento, es el organismo responsable de velar por el cumplimiento de la normativa ambiental en Chile, y se suma a la conmemoraci\u00f3n internacional.<\/p>\n<p>La SMA, en ese marco, ha trabajado en el establecimiento de procedimientos y protocolos que aseguren un alto est\u00e1ndar de fiscalizaci\u00f3n, y procedimientos sancionatorios justos y racionales, como mecanismo disuasivo tendiente a velar porque las empresas, organizaciones y las personas respeten la normativa ambiental.<\/p>\n<p>Cada uno de los funcionarios de la SMA realizan una crucial labor en pro del cumplimiento de la legislaci\u00f3n ambiental en el pa\u00eds, siendo un agente activo del desarrollo sostenible y equitativo en el desarrollo de Chile.<\/p>\n<p>Para m\u00e1s informaci\u00f3n visitar: <a href=\"http:\/\/www.unep.org\/spanish\/wed\/about\/\">http:\/\/www.unep.org\/spanish\/wed\/about\/<\/a><\/p>\n","protected":false},"excerpt":{"rendered":"<p>La Superintendencia del Medio Ambiente (SMA), celebra esta jornada como parte de su compromiso de velar por el cumplimiento de la normativa ambiental vigente en nuestro pa\u00eds.<\/p>\n","protected":false},"author":3,"featured_media":15909,"comment_status":"open","ping_status":"open","sticky":false,"template":"","format":"standard","meta":{"footnotes":""},"categories":[94],"tags":[],"class_list":["post-15910","post","type-post","status-publish","format-standard","has-post-thumbnail","hentry","category-notas-noticias"],"_links":{"self":[{"href":"https:\/\/portal.sma.gob.cl\/index.php\/wp-json\/wp\/v2\/posts\/15910","targetHints":{"allow":["GET"]}}],"collection":[{"href":"https:\/\/portal.sma.gob.cl\/index.php\/wp-json\/wp\/v2\/posts"}],"about":[{"href":"https:\/\/portal.sma.gob.cl\/index.php\/wp-json\/wp\/v2\/types\/post"}],"author":[{"embeddable":true,"href":"https:\/\/portal.sma.gob.cl\/index.php\/wp-json\/wp\/v2\/users\/3"}],"replies":[{"embeddable":true,"href":"https:\/\/portal.sma.gob.cl\/index.php\/wp-json\/wp\/v2\/comments?post=15910"}],"version-history":[{"count":0,"href":"https:\/\/portal.sma.gob.cl\/index.php\/wp-json\/wp\/v2\/posts\/15910\/revisions"}],"wp:featuredmedia":[{"embeddable":true,"href":"https:\/\/portal.sma.gob.cl\/index.php\/wp-json\/wp\/v2\/media\/15909"}],"wp:attachment":[{"href":"https:\/\/portal.sma.gob.cl\/index.php\/wp-json\/wp\/v2\/media?parent=15910"}],"wp:term":[{"taxonomy":"category","embeddable":true,"href":"https:\/\/portal.sma.gob.cl\/index.php\/wp-json\/wp\/v2\/categories?post=15910"},{"taxonomy":"post_tag","embeddable":true,"href":"https:\/\/portal.sma.gob.cl\/index.php\/wp-json\/wp\/v2\/tags?post=15910"}],"curies":[{"name":"wp","href":"https:\/\/api.w.org\/{rel}","templated":true}]}}