{"id":15912,"date":"2014-06-06T18:46:56","date_gmt":"2014-06-06T18:46:56","guid":{"rendered":"https:\/\/portal.sma.gob.cl\/index.php\/2014\/06\/06\/valdivia-celebra-dia-del-medio-ambiente\/"},"modified":"2014-06-06T18:46:56","modified_gmt":"2014-06-06T18:46:56","slug":"valdivia-celebra-dia-del-medio-ambiente","status":"publish","type":"post","link":"https:\/\/portal.sma.gob.cl\/index.php\/valdivia-celebra-dia-del-medio-ambiente\/","title":{"rendered":"Valdivia celebr\u00f3 el D\u00eda del Medio Ambiente"},"content":{"rendered":"<p><strong><img decoding=\"async\" class=\"size-auto size-full wp-image-15911\" style=\"display: block; margin-left: auto; margin-right: auto;\" src=\"https:\/\/portal.sma.gob.cl\/wp-content\/uploads\/2014\/06\/760xValdiviaDiaMedioAmbiente.jpg\" alt=\"760xValdiviaDiaMedioAmbiente\" width=\"760\" height=\"300\" srcset=\"https:\/\/portal.sma.gob.cl\/wp-content\/uploads\/2014\/06\/760xValdiviaDiaMedioAmbiente-200x79.jpg 200w, https:\/\/portal.sma.gob.cl\/wp-content\/uploads\/2014\/06\/760xValdiviaDiaMedioAmbiente-300x118.jpg 300w, https:\/\/portal.sma.gob.cl\/wp-content\/uploads\/2014\/06\/760xValdiviaDiaMedioAmbiente-400x158.jpg 400w, https:\/\/portal.sma.gob.cl\/wp-content\/uploads\/2014\/06\/760xValdiviaDiaMedioAmbiente-600x237.jpg 600w, https:\/\/portal.sma.gob.cl\/wp-content\/uploads\/2014\/06\/760xValdiviaDiaMedioAmbiente.jpg 760w\" sizes=\"(max-width: 760px) 100vw, 760px\" \/><\/strong><\/p>\n<p style=\"text-align: justify;\"><strong>El Jefe de la Macro Zona Sur de la Superintendencia del Medio Ambiente (SMA), Eduardo Rodr\u00edguez, particip\u00f3 en conmemoraci\u00f3n que organiza la Seremi del ramo de Los R\u00edos.<\/strong><\/p>\n<p>  <!--more-->  <\/p>\n<p style=\"text-align: justify;\"><strong>Valdivia, 05 de junio de 2014.<\/strong> Con el fin de celebrar el D\u00eda Mundial del Medio Ambiente, la Seremi del ramo de la Regi\u00f3n de Los R\u00edos, Carla Pe\u00f1a, organiz\u00f3 un evento dedicado al \u201cA\u00f1o Internacional de la Agricultura Familiar\u201d. La cita se realiz\u00f3 en el Centro de Estudios Cient\u00edficos de Valdivia, y en ella particip\u00f3 el Jefe de la Macro Zona Sur de la Superintendencia del Medio Ambiente (SMA), Eduardo Rodr\u00edguez.<\/p>\n<p style=\"text-align: justify;\">La Seremi destac\u00f3 la importancia de la fecha, para crear conciencia en la poblaci\u00f3n sobre los temas ambientales. Con la entrega de reconocimientos a profesionales que velan por la gesti\u00f3n ambiental, adem\u00e1s de la presentaci\u00f3n de un grupo folcl\u00f3rico y exhibici\u00f3n de videos educativos, la actividad estuvo enfocada en la creaci\u00f3n de conciencia sobre las tem\u00e1ticas que afectan el medio ambiente.<\/p>\n<p style=\"text-align: justify;\">\u201cPara la Superintendencia es muy importante participar de este tipo de actividades, que buscan educar a la poblaci\u00f3n sobre tem\u00e1ticas ambientales. Valdivia es una zona que tiene un alto componente de biodiversidad y comunidad muy empoderada, por lo que todas las iniciativas que busquen acercar a la poblaci\u00f3n a los temas ambientales, son muy valoradas\u201d, sostuvo Rodr\u00edguez.<\/p>\n<p style=\"text-align: justify;\">El directivo a\u00f1ade: \u201cParticipar en estas instancia contribuye a que los ciudadanos adoptemos medidas concretas para tener una vida m\u00e1s sustentable. Acciones cotidianas como el uso de la bicicleta o el reciclaje de pl\u00e1sticos, ayudan a descontaminar nuestro planeta. En este sentido, la SMA est\u00e1 comprometida con velar que se respete la normativa ambiental y con ello contribuimos a que la poblaci\u00f3n pueda vivir en un lugar cada vez m\u00e1s libre de contaminaci\u00f3n\u201d.<\/p>\n<p style=\"text-align: justify;\">La Organizaci\u00f3n de Naciones Unidas (ONU) fij\u00f3 en 1972 esta fecha con el fin de generar conciencia sobre la importancia de resguardar nuestro entorno natural y los recursos de nuestro planeta para las futuras generaciones. A lo largo de los a\u00f1os, esta celebraci\u00f3n ha crecido hasta convertirse en una plataforma global en la que participan personas de m\u00e1s de 100 pa\u00edses.<\/p>\n","protected":false},"excerpt":{"rendered":"<p>El Jefe de la Macro Zona Sur de la Superintendencia del Medio Ambiente (SMA), Eduardo Rodr\u00edguez, particip\u00f3 en conmemoraci\u00f3n que organiza la Seremi del ramo de Los R\u00edos.<\/p>\n","protected":false},"author":3,"featured_media":15911,"comment_status":"open","ping_status":"open","sticky":false,"template":"","format":"standard","meta":{"footnotes":""},"categories":[94],"tags":[],"class_list":["post-15912","post","type-post","status-publish","format-standard","has-post-thumbnail","hentry","category-notas-noticias"],"_links":{"self":[{"href":"https:\/\/portal.sma.gob.cl\/index.php\/wp-json\/wp\/v2\/posts\/15912","targetHints":{"allow":["GET"]}}],"collection":[{"href":"https:\/\/portal.sma.gob.cl\/index.php\/wp-json\/wp\/v2\/posts"}],"about":[{"href":"https:\/\/portal.sma.gob.cl\/index.php\/wp-json\/wp\/v2\/types\/post"}],"author":[{"embeddable":true,"href":"https:\/\/portal.sma.gob.cl\/index.php\/wp-json\/wp\/v2\/users\/3"}],"replies":[{"embeddable":true,"href":"https:\/\/portal.sma.gob.cl\/index.php\/wp-json\/wp\/v2\/comments?post=15912"}],"version-history":[{"count":0,"href":"https:\/\/portal.sma.gob.cl\/index.php\/wp-json\/wp\/v2\/posts\/15912\/revisions"}],"wp:featuredmedia":[{"embeddable":true,"href":"https:\/\/portal.sma.gob.cl\/index.php\/wp-json\/wp\/v2\/media\/15911"}],"wp:attachment":[{"href":"https:\/\/portal.sma.gob.cl\/index.php\/wp-json\/wp\/v2\/media?parent=15912"}],"wp:term":[{"taxonomy":"category","embeddable":true,"href":"https:\/\/portal.sma.gob.cl\/index.php\/wp-json\/wp\/v2\/categories?post=15912"},{"taxonomy":"post_tag","embeddable":true,"href":"https:\/\/portal.sma.gob.cl\/index.php\/wp-json\/wp\/v2\/tags?post=15912"}],"curies":[{"name":"wp","href":"https:\/\/api.w.org\/{rel}","templated":true}]}}