{"id":15914,"date":"2014-06-06T20:55:14","date_gmt":"2014-06-06T20:55:14","guid":{"rendered":"https:\/\/portal.sma.gob.cl\/index.php\/2014\/06\/06\/superintendente-se-reune-con-dirinmar\/"},"modified":"2014-06-06T20:55:14","modified_gmt":"2014-06-06T20:55:14","slug":"superintendente-se-reune-con-dirinmar","status":"publish","type":"post","link":"https:\/\/portal.sma.gob.cl\/index.php\/superintendente-se-reune-con-dirinmar\/","title":{"rendered":"Superintendente se re\u00fane con Dirinmar"},"content":{"rendered":"<p><strong><img decoding=\"async\" class=\"size-auto size-full wp-image-15913\" style=\"display: block; margin-left: auto; margin-right: auto;\" src=\"https:\/\/portal.sma.gob.cl\/wp-content\/uploads\/2014\/06\/760xSuperintendenteDirinmar.jpg\" alt=\"760xSuperintendenteDirinmar\" width=\"760\" height=\"300\" srcset=\"https:\/\/portal.sma.gob.cl\/wp-content\/uploads\/2014\/06\/760xSuperintendenteDirinmar-200x79.jpg 200w, https:\/\/portal.sma.gob.cl\/wp-content\/uploads\/2014\/06\/760xSuperintendenteDirinmar-300x118.jpg 300w, https:\/\/portal.sma.gob.cl\/wp-content\/uploads\/2014\/06\/760xSuperintendenteDirinmar-400x158.jpg 400w, https:\/\/portal.sma.gob.cl\/wp-content\/uploads\/2014\/06\/760xSuperintendenteDirinmar-600x237.jpg 600w, https:\/\/portal.sma.gob.cl\/wp-content\/uploads\/2014\/06\/760xSuperintendenteDirinmar.jpg 760w\" sizes=\"(max-width: 760px) 100vw, 760px\" \/><\/strong><\/p>\n<p style=\"text-align: justify;\"><strong>El Superintendente del Medio Ambiente (TP), Cristi\u00e1n Franz, sostuvo una reuni\u00f3n en Valpara\u00edso con el m\u00e1ximo jefe del organismo, Contralmirante Guillermo Silva.<\/strong><\/p>\n<p>  <!--more-->  <\/p>\n<p style=\"text-align: justify;\"><strong>Valpara\u00edso, 05 de junio de 2014<\/strong>. El Superintendente del Medio Ambiente (TP), Cristi\u00e1n Franz, sostuvo una reuni\u00f3n protocolar con el Contralmirante Guillermo Silva, jefe de la Direcci\u00f3n de Intereses Mar\u00edtimos y Acu\u00e1ticos (Dirinmar), rama dependiente de Directemar. En la cita, abordaron temas de mutuo inter\u00e9s relativos al \u00e1mbito de la fiscalizaci\u00f3n ambiental.<\/p>\n<p style=\"text-align: justify;\">En la cita, el Superintendente le explic\u00f3 la nueva organizaci\u00f3n interna de la SMA, dando cuenta de su estructura de trabajo, apuntando a las labores que realizan las divisiones de Fiscalizaci\u00f3n y Sanci\u00f3n y Cumplimiento.<\/p>\n<p style=\"text-align: justify;\">La reuni\u00f3n consisti\u00f3 en discutir sobre las mejores pr\u00e1cticas de fiscalizaci\u00f3n ambiental, especialmente aquellas que competen a Dirinmar, en la inspecci\u00f3n de incumplimientos en zonas costeras. A la vez, el Contralmirante Silva y su equipo, mostraron a la SMA el simulador Full Mission, que se utiliza en labores de fiscalizaci\u00f3n marina.<\/p>\n<p style=\"text-align: justify;\">La SMA continuar\u00e1 coordinando sesiones informativas con directores del resto de los organismos sectoriales con competencia ambiental. Estas reuniones buscan mejorar los protocolos de fiscalizaci\u00f3n, con tal de mejorar la coordinaci\u00f3n entre las instituciones del estado que est\u00e1n a cargo de la fiscalizaci\u00f3n ambiental en Chile.<\/p>\n","protected":false},"excerpt":{"rendered":"<p>El Superintendente del Medio Ambiente (TP), Cristi\u00e1n Franz, sostuvo una reuni\u00f3n en Valpara\u00edso con el m\u00e1ximo jefe del organismo, Contralmirante Guillermo Silva.<\/p>\n","protected":false},"author":3,"featured_media":15913,"comment_status":"open","ping_status":"open","sticky":false,"template":"","format":"standard","meta":{"footnotes":""},"categories":[94],"tags":[],"class_list":["post-15914","post","type-post","status-publish","format-standard","has-post-thumbnail","hentry","category-notas-noticias"],"_links":{"self":[{"href":"https:\/\/portal.sma.gob.cl\/index.php\/wp-json\/wp\/v2\/posts\/15914","targetHints":{"allow":["GET"]}}],"collection":[{"href":"https:\/\/portal.sma.gob.cl\/index.php\/wp-json\/wp\/v2\/posts"}],"about":[{"href":"https:\/\/portal.sma.gob.cl\/index.php\/wp-json\/wp\/v2\/types\/post"}],"author":[{"embeddable":true,"href":"https:\/\/portal.sma.gob.cl\/index.php\/wp-json\/wp\/v2\/users\/3"}],"replies":[{"embeddable":true,"href":"https:\/\/portal.sma.gob.cl\/index.php\/wp-json\/wp\/v2\/comments?post=15914"}],"version-history":[{"count":0,"href":"https:\/\/portal.sma.gob.cl\/index.php\/wp-json\/wp\/v2\/posts\/15914\/revisions"}],"wp:featuredmedia":[{"embeddable":true,"href":"https:\/\/portal.sma.gob.cl\/index.php\/wp-json\/wp\/v2\/media\/15913"}],"wp:attachment":[{"href":"https:\/\/portal.sma.gob.cl\/index.php\/wp-json\/wp\/v2\/media?parent=15914"}],"wp:term":[{"taxonomy":"category","embeddable":true,"href":"https:\/\/portal.sma.gob.cl\/index.php\/wp-json\/wp\/v2\/categories?post=15914"},{"taxonomy":"post_tag","embeddable":true,"href":"https:\/\/portal.sma.gob.cl\/index.php\/wp-json\/wp\/v2\/tags?post=15914"}],"curies":[{"name":"wp","href":"https:\/\/api.w.org\/{rel}","templated":true}]}}