{"id":15916,"date":"2014-06-09T14:56:04","date_gmt":"2014-06-09T14:56:04","guid":{"rendered":"https:\/\/portal.sma.gob.cl\/index.php\/2014\/06\/09\/sma-realiza-taller-de-fiscalizacion-en-la-region-de-valparaiso\/"},"modified":"2014-06-09T14:56:04","modified_gmt":"2014-06-09T14:56:04","slug":"sma-realiza-taller-de-fiscalizacion-en-la-region-de-valparaiso","status":"publish","type":"post","link":"https:\/\/portal.sma.gob.cl\/index.php\/sma-realiza-taller-de-fiscalizacion-en-la-region-de-valparaiso\/","title":{"rendered":"SMA realiza taller de fiscalizaci\u00f3n en la Regi\u00f3n de Valpara\u00edso"},"content":{"rendered":"<p><strong><img decoding=\"async\" class=\"size-auto size-full wp-image-15915\" src=\"https:\/\/portal.sma.gob.cl\/wp-content\/uploads\/2014\/06\/760x-9-06-14.jpg\" alt=\"760x-9-06-14\" width=\"760\" height=\"300\" srcset=\"https:\/\/portal.sma.gob.cl\/wp-content\/uploads\/2014\/06\/760x-9-06-14-200x79.jpg 200w, https:\/\/portal.sma.gob.cl\/wp-content\/uploads\/2014\/06\/760x-9-06-14-300x118.jpg 300w, https:\/\/portal.sma.gob.cl\/wp-content\/uploads\/2014\/06\/760x-9-06-14-400x158.jpg 400w, https:\/\/portal.sma.gob.cl\/wp-content\/uploads\/2014\/06\/760x-9-06-14-600x237.jpg 600w, https:\/\/portal.sma.gob.cl\/wp-content\/uploads\/2014\/06\/760x-9-06-14.jpg 760w\" sizes=\"(max-width: 760px) 100vw, 760px\" \/><\/strong><\/p>\n<p><strong>En la actividad participaron 46 profesionales de diversos servicios p\u00fablicos y se entregaron detalles sobre los procesos de inspecci\u00f3n y seguimiento ambiental.<\/strong><\/p>\n<p>  <!--more-->  <\/p>\n<p style=\"text-align: justify;\"><strong>Valpara\u00edso, 6 de junio de 2014.<\/strong> Continuando con las actividades de capacitaci\u00f3n en todas las regiones del pa\u00eds, la Superintendencia del Medio Ambiente (SMA) realiz\u00f3 el d\u00e9cimo primer taller de fiscalizaci\u00f3n dirigido a los distintos servicios con competencia ambiental de la Regi\u00f3n de Valpara\u00edso. La actividad se desarroll\u00f3 en el sal\u00f3n de la ACHS en Valpara\u00edso y cont\u00f3 con la presencia especial de Karen Lara, representante de la SEREMI de Medio Ambiente de la regi\u00f3n, y la Directora (S) del Servicio de Evaluaci\u00f3n Ambiental, Esther Parodi.<\/p>\n<p style=\"text-align: justify;\">En la actividad, participaron 46 profesionales de distintos servicios p\u00fablicos, como la Seremi de Salud, Servicio Agr\u00edcola y Ganadero, Corporaci\u00f3n Nacional Forestal, Direcci\u00f3n General de Aguas, Consejo de Monumentos Nacionales, Superintendencia de Servicios Sanitarios, Servicio Nacional de Pesca, Subsecretar\u00eda de Pesca y la Direcci\u00f3n General del Territorio Mar\u00edtimo y de Marina Mercante.<\/p>\n<p style=\"text-align: justify;\">Los temas tratados en el taller, que incluy\u00f3 una activa participaci\u00f3n de los asistentes, correspondieron a las competencias y atribuciones de la SMA; los programas y subprogramas de fiscalizaci\u00f3n; y las etapas del procedimiento de fiscalizaci\u00f3n relativas a la planificaci\u00f3n, inspecci\u00f3n y examen de informaci\u00f3n.<\/p>\n<p style=\"text-align: justify;\">En la actividad, expusieron el Jefe de la Macro Zona Centro de la SMA, Cristi\u00e1n Jorquera; y los funcionarios de la Divisi\u00f3n de Fiscalizaci\u00f3n, Ang\u00e9lica Medina y Rodrigo Garc\u00eda. Las distintas presentaciones fueron abordadas mediante una metodolog\u00eda que propici\u00f3 la interacci\u00f3n con los fiscalizadores de los distintos servicios participantes propiciando espacios de di\u00e1logo a fin de compartir experiencias, desaf\u00edos y oportunidades de mejora que desde la regi\u00f3n se visualizan para el trabajo de fiscalizaci\u00f3n ambiental.<\/p>\n","protected":false},"excerpt":{"rendered":"<p>En la actividad participaron 46 profesionales de diversos servicios p\u00fablicos y se entregaron detalles sobre los procesos de inspecci\u00f3n y seguimiento ambiental.<\/p>\n","protected":false},"author":3,"featured_media":15915,"comment_status":"open","ping_status":"open","sticky":false,"template":"","format":"standard","meta":{"footnotes":""},"categories":[94],"tags":[],"class_list":["post-15916","post","type-post","status-publish","format-standard","has-post-thumbnail","hentry","category-notas-noticias"],"_links":{"self":[{"href":"https:\/\/portal.sma.gob.cl\/index.php\/wp-json\/wp\/v2\/posts\/15916","targetHints":{"allow":["GET"]}}],"collection":[{"href":"https:\/\/portal.sma.gob.cl\/index.php\/wp-json\/wp\/v2\/posts"}],"about":[{"href":"https:\/\/portal.sma.gob.cl\/index.php\/wp-json\/wp\/v2\/types\/post"}],"author":[{"embeddable":true,"href":"https:\/\/portal.sma.gob.cl\/index.php\/wp-json\/wp\/v2\/users\/3"}],"replies":[{"embeddable":true,"href":"https:\/\/portal.sma.gob.cl\/index.php\/wp-json\/wp\/v2\/comments?post=15916"}],"version-history":[{"count":0,"href":"https:\/\/portal.sma.gob.cl\/index.php\/wp-json\/wp\/v2\/posts\/15916\/revisions"}],"wp:featuredmedia":[{"embeddable":true,"href":"https:\/\/portal.sma.gob.cl\/index.php\/wp-json\/wp\/v2\/media\/15915"}],"wp:attachment":[{"href":"https:\/\/portal.sma.gob.cl\/index.php\/wp-json\/wp\/v2\/media?parent=15916"}],"wp:term":[{"taxonomy":"category","embeddable":true,"href":"https:\/\/portal.sma.gob.cl\/index.php\/wp-json\/wp\/v2\/categories?post=15916"},{"taxonomy":"post_tag","embeddable":true,"href":"https:\/\/portal.sma.gob.cl\/index.php\/wp-json\/wp\/v2\/tags?post=15916"}],"curies":[{"name":"wp","href":"https:\/\/api.w.org\/{rel}","templated":true}]}}