{"id":15920,"date":"2014-06-12T14:46:33","date_gmt":"2014-06-12T14:46:33","guid":{"rendered":"https:\/\/portal.sma.gob.cl\/index.php\/2014\/06\/12\/en-antofagasta-la-sma-realiza-nuevo-taller-de-fiscalizacion\/"},"modified":"2014-06-12T14:46:33","modified_gmt":"2014-06-12T14:46:33","slug":"en-antofagasta-la-sma-realiza-nuevo-taller-de-fiscalizacion","status":"publish","type":"post","link":"https:\/\/portal.sma.gob.cl\/index.php\/en-antofagasta-la-sma-realiza-nuevo-taller-de-fiscalizacion\/","title":{"rendered":"En Antofagasta la SMA realiza nuevo taller de fiscalizaci\u00f3n"},"content":{"rendered":"<p style=\"text-align: justify;\"><img decoding=\"async\" class=\"size-auto size-full wp-image-15919\" src=\"https:\/\/portal.sma.gob.cl\/wp-content\/uploads\/2014\/06\/760x_11-06_2014_taller_Antofagasta.jpg\" alt=\"760x 11-06 2014 taller Antofagasta\" width=\"760\" height=\"300\" srcset=\"https:\/\/portal.sma.gob.cl\/wp-content\/uploads\/2014\/06\/760x_11-06_2014_taller_Antofagasta-200x79.jpg 200w, https:\/\/portal.sma.gob.cl\/wp-content\/uploads\/2014\/06\/760x_11-06_2014_taller_Antofagasta-300x118.jpg 300w, https:\/\/portal.sma.gob.cl\/wp-content\/uploads\/2014\/06\/760x_11-06_2014_taller_Antofagasta-400x158.jpg 400w, https:\/\/portal.sma.gob.cl\/wp-content\/uploads\/2014\/06\/760x_11-06_2014_taller_Antofagasta-600x237.jpg 600w, https:\/\/portal.sma.gob.cl\/wp-content\/uploads\/2014\/06\/760x_11-06_2014_taller_Antofagasta.jpg 760w\" sizes=\"(max-width: 760px) 100vw, 760px\" \/><\/p>\n<p style=\"text-align: justify;\"><strong style=\"line-height: 1.3em;\">El Superintendente (TP), Cristi\u00e1n Franz, inaugur\u00f3 la jornada que cont\u00f3 con la presencia de m\u00e1s de 40 profesionales de diversos servicios p\u00fablicos.<\/strong><\/p>\n<p>  <!--more-->  <\/p>\n<p style=\"text-align: justify;\">&nbsp;<strong style=\"line-height: 1.3em;\">Antofagasta, 11 de junio de 2014<\/strong>. M\u00e1s de 40 profesionales de diversos servicios p\u00fablicos concurrieron al Taller de Fiscalizaci\u00f3n Ambiental realizado en la ciudad de Antofagasta, sede de la Macrozona Norte de la Superintendencia del Medio Ambiente.<\/p>\n<p style=\"text-align: justify;\">La actividad, realizada en el Sal\u00f3n Corfo de la ciudad, cont\u00f3 con la participaci\u00f3n del Superintendente del Medio Ambiente (TP), Cristian Franz Thorud; del Seremi de Medio Ambiente de la Regi\u00f3n de Antofagasta, Ram\u00f3n Aristegui G\u00f3mez; funcionarios y funcionarias de los organismos sectoriales que colaboran con la actividad de fiscalizaci\u00f3n, como la Seremi de Salud, Seremi de Transportes y Telecomunicaciones, Conaf, Sernageomin, SAG, Sernapesca; Directemar; DGA, entre otros.<\/p>\n<p style=\"text-align: justify;\">Los encargados de liderar el encuentro, fueron los funcionarios de la Divisi\u00f3n de Fiscalizaci\u00f3n P\u00eda Valenzuela, Javiera de la Cerda, Ver\u00f3nica Gonz\u00e1lez y Eduardo \u00c1vila. Estos expusieron temas como la planificaci\u00f3n de una inspecci\u00f3n ambiental, la realizaci\u00f3n del acta de fiscalizaci\u00f3n y temas relativos al seguimiento ambiental.<\/p>\n<p style=\"text-align: justify;\">Mar\u00eda Isabel Reinoso, Jefa de la Macrozona Norte, agradeci\u00f3 la presencia y la gran colaboraci\u00f3n que ha existido por parte de los organismos sectoriales en este a\u00f1o y medio de funcionamiento de la SMA y destac\u00f3 el alto compromiso del equipo.<\/p>\n<p style=\"text-align: justify;\">Por su parte, el Superintendente Cristi\u00e1n Franz indic\u00f3: \u201cesta instancia sirve para compartir con todos los profesionales que realizan la labor de fiscalizaci\u00f3n en conjunto con la SMA. Para nosotros es crucial mejorar nuestras propias competencias y la de los servicios p\u00fablicos, mejorando as\u00ed el est\u00e1ndar de fiscalizaci\u00f3n ambiental en Chile\u201d.<\/p>\n","protected":false},"excerpt":{"rendered":"<p>El Superintendente (TP), Cristi\u00e1n Franz, inaugur\u00f3 la jornada que cont\u00f3 con la presencia de m\u00e1s de 40 profesionales de diversos servicios p\u00fablicos.<\/p>\n","protected":false},"author":3,"featured_media":15919,"comment_status":"open","ping_status":"open","sticky":false,"template":"","format":"standard","meta":{"footnotes":""},"categories":[94],"tags":[],"class_list":["post-15920","post","type-post","status-publish","format-standard","has-post-thumbnail","hentry","category-notas-noticias"],"_links":{"self":[{"href":"https:\/\/portal.sma.gob.cl\/index.php\/wp-json\/wp\/v2\/posts\/15920","targetHints":{"allow":["GET"]}}],"collection":[{"href":"https:\/\/portal.sma.gob.cl\/index.php\/wp-json\/wp\/v2\/posts"}],"about":[{"href":"https:\/\/portal.sma.gob.cl\/index.php\/wp-json\/wp\/v2\/types\/post"}],"author":[{"embeddable":true,"href":"https:\/\/portal.sma.gob.cl\/index.php\/wp-json\/wp\/v2\/users\/3"}],"replies":[{"embeddable":true,"href":"https:\/\/portal.sma.gob.cl\/index.php\/wp-json\/wp\/v2\/comments?post=15920"}],"version-history":[{"count":0,"href":"https:\/\/portal.sma.gob.cl\/index.php\/wp-json\/wp\/v2\/posts\/15920\/revisions"}],"wp:featuredmedia":[{"embeddable":true,"href":"https:\/\/portal.sma.gob.cl\/index.php\/wp-json\/wp\/v2\/media\/15919"}],"wp:attachment":[{"href":"https:\/\/portal.sma.gob.cl\/index.php\/wp-json\/wp\/v2\/media?parent=15920"}],"wp:term":[{"taxonomy":"category","embeddable":true,"href":"https:\/\/portal.sma.gob.cl\/index.php\/wp-json\/wp\/v2\/categories?post=15920"},{"taxonomy":"post_tag","embeddable":true,"href":"https:\/\/portal.sma.gob.cl\/index.php\/wp-json\/wp\/v2\/tags?post=15920"}],"curies":[{"name":"wp","href":"https:\/\/api.w.org\/{rel}","templated":true}]}}