{"id":15922,"date":"2014-06-12T16:19:11","date_gmt":"2014-06-12T16:19:11","guid":{"rendered":"https:\/\/portal.sma.gob.cl\/index.php\/2014\/06\/12\/sma-imparte-taller-de-fiscalizacion-en-valdivia\/"},"modified":"2014-06-12T16:19:11","modified_gmt":"2014-06-12T16:19:11","slug":"sma-imparte-taller-de-fiscalizacion-en-valdivia","status":"publish","type":"post","link":"https:\/\/portal.sma.gob.cl\/index.php\/sma-imparte-taller-de-fiscalizacion-en-valdivia\/","title":{"rendered":"SMA imparte taller de fiscalizaci\u00f3n en Valdivia"},"content":{"rendered":"<p style=\"text-align: justify;\"><strong><img decoding=\"async\" class=\"size-auto size-full wp-image-15921\" src=\"https:\/\/portal.sma.gob.cl\/wp-content\/uploads\/2014\/06\/760x11-06-2014_taller_SMA_Valdivia.jpg\" alt=\"760x11-06-2014 taller SMA Valdivia\" width=\"760\" height=\"300\" srcset=\"https:\/\/portal.sma.gob.cl\/wp-content\/uploads\/2014\/06\/760x11-06-2014_taller_SMA_Valdivia-200x79.jpg 200w, https:\/\/portal.sma.gob.cl\/wp-content\/uploads\/2014\/06\/760x11-06-2014_taller_SMA_Valdivia-300x118.jpg 300w, https:\/\/portal.sma.gob.cl\/wp-content\/uploads\/2014\/06\/760x11-06-2014_taller_SMA_Valdivia-400x158.jpg 400w, https:\/\/portal.sma.gob.cl\/wp-content\/uploads\/2014\/06\/760x11-06-2014_taller_SMA_Valdivia-600x237.jpg 600w, https:\/\/portal.sma.gob.cl\/wp-content\/uploads\/2014\/06\/760x11-06-2014_taller_SMA_Valdivia.jpg 760w\" sizes=\"(max-width: 760px) 100vw, 760px\" \/><\/strong><\/p>\n<p style=\"text-align: justify;\"><strong>La jornada se inaugur\u00f3 con palabras de la Seremi del Medio Ambiente de la Regi\u00f3n de Los R\u00edos y cont\u00f3 con la presencia de 35 profesionales de diversos servicios p\u00fablicos.<\/strong><\/p>\n<p>  <!--more-->  <\/p>\n<p style=\"text-align: justify;\"><strong>Valdivia, 11 de junio de 2014<\/strong>. M\u00e1s de 35 profesionales de diversos servicios p\u00fablicos concurrieron al Taller de Fiscalizaci\u00f3n Ambiental realizado en la ciudad de Valdivia, sede de la Macrozona Sur de la Superintendencia del Medio Ambiente.<\/p>\n<p style=\"text-align: justify;\">La actividad, realizada en la Sala Provincia de la Ilustre Municipalidad de Valdivia, fue encabezada por el Jefe de la Macrozona Sur, Eduardo Rodr\u00edguez Sep\u00falveda, y cont\u00f3 con la participaci\u00f3n de la Seremi del Medio Ambiente de la Regi\u00f3n de Los R\u00edos, Carla Pe\u00f1a R\u00edos, y el Director Regional de la Direcci\u00f3n General de Aguas de la zona; Jos\u00e9 Manuel Guerrero L\u00f3pez, adem\u00e1s de profesionales de los organismos sectoriales que colaboran con la actividad de fiscalizaci\u00f3n, como la Seremi de Salud, Seremi de Transportes y Telecomunicaciones, Conaf, Sernageomin, SAG, Sernapesca; Directemar; DGA; Superintendencia de Servicios Sanitarios; Direcci\u00f3n de Vialidad; Consejo de Monumentos Nacionales, entre otros.<\/p>\n<p style=\"text-align: justify;\">Los encargados de los talleres t\u00e9cnicos del encuentro, fueron los funcionarios de la Divisi\u00f3n de Fiscalizaci\u00f3n Marcelo Guzm\u00e1n Sepulveda, Mauricio Benitez Morales y Juan Harries Mu\u00f1oz. Estos expusieron temas como la planificaci\u00f3n de una inspecci\u00f3n ambiental, la realizaci\u00f3n del acta de fiscalizaci\u00f3n y temas relativos al seguimiento ambiental.<\/p>\n<p style=\"text-align: justify;\">Eduardo Rodriguez Sepulveda, Jefe de la Macro Zona Sur, agradeci\u00f3 la presencia y la gran colaboraci\u00f3n que ha existido por parte de los organismos sectoriales desde diciembre de 2012, cuando comenz\u00f3 la SMA sus labores de fiscalizaci\u00f3n y sanci\u00f3n.<\/p>\n<p style=\"text-align: justify;\">A la par, el jefe zonal indic\u00f3 que \u201cestos talleres nos sirven a todos. Nosotros como Superintendencia podemos explicar las metodolog\u00edas que estamos utilizando, que han sido auditadas por la Agencia de Protecci\u00f3n Ambiental de Estados Unidos (EPA) y a la vez, aprender de la experiencia de los servicios p\u00fablicos y resolver dudas que se presentan cada vez que vamos a una inspecci\u00f3n. Es un trabajo que redundar\u00e1 en una mejor fiscalizaci\u00f3n ambiental para Chile\u201d.<\/p>\n","protected":false},"excerpt":{"rendered":"<p>La jornada se inaugur\u00f3 con palabras de la Seremi del Medio Ambiente de la Regi\u00f3n de Los R\u00edos y cont\u00f3 con la presencia de 35 profesionales de diversos servicios p\u00fablicos.<\/p>\n","protected":false},"author":3,"featured_media":15921,"comment_status":"open","ping_status":"open","sticky":false,"template":"","format":"standard","meta":{"footnotes":""},"categories":[94],"tags":[],"class_list":["post-15922","post","type-post","status-publish","format-standard","has-post-thumbnail","hentry","category-notas-noticias"],"_links":{"self":[{"href":"https:\/\/portal.sma.gob.cl\/index.php\/wp-json\/wp\/v2\/posts\/15922","targetHints":{"allow":["GET"]}}],"collection":[{"href":"https:\/\/portal.sma.gob.cl\/index.php\/wp-json\/wp\/v2\/posts"}],"about":[{"href":"https:\/\/portal.sma.gob.cl\/index.php\/wp-json\/wp\/v2\/types\/post"}],"author":[{"embeddable":true,"href":"https:\/\/portal.sma.gob.cl\/index.php\/wp-json\/wp\/v2\/users\/3"}],"replies":[{"embeddable":true,"href":"https:\/\/portal.sma.gob.cl\/index.php\/wp-json\/wp\/v2\/comments?post=15922"}],"version-history":[{"count":0,"href":"https:\/\/portal.sma.gob.cl\/index.php\/wp-json\/wp\/v2\/posts\/15922\/revisions"}],"wp:featuredmedia":[{"embeddable":true,"href":"https:\/\/portal.sma.gob.cl\/index.php\/wp-json\/wp\/v2\/media\/15921"}],"wp:attachment":[{"href":"https:\/\/portal.sma.gob.cl\/index.php\/wp-json\/wp\/v2\/media?parent=15922"}],"wp:term":[{"taxonomy":"category","embeddable":true,"href":"https:\/\/portal.sma.gob.cl\/index.php\/wp-json\/wp\/v2\/categories?post=15922"},{"taxonomy":"post_tag","embeddable":true,"href":"https:\/\/portal.sma.gob.cl\/index.php\/wp-json\/wp\/v2\/tags?post=15922"}],"curies":[{"name":"wp","href":"https:\/\/api.w.org\/{rel}","templated":true}]}}