{"id":15924,"date":"2014-06-13T16:44:21","date_gmt":"2014-06-13T16:44:21","guid":{"rendered":"https:\/\/portal.sma.gob.cl\/index.php\/2014\/06\/13\/finalizan-con-exito-talleres-ambientales-en-la-macro-zona-sur\/"},"modified":"2014-06-13T16:44:21","modified_gmt":"2014-06-13T16:44:21","slug":"finalizan-con-exito-talleres-ambientales-en-la-macro-zona-sur","status":"publish","type":"post","link":"https:\/\/portal.sma.gob.cl\/index.php\/finalizan-con-exito-talleres-ambientales-en-la-macro-zona-sur\/","title":{"rendered":"Finalizan con \u00e9xito talleres ambientales en la Macro Zona Sur"},"content":{"rendered":"<p style=\"text-align: justify;\"><strong><img decoding=\"async\" class=\"size-auto size-full wp-image-15923\" src=\"https:\/\/portal.sma.gob.cl\/wp-content\/uploads\/2014\/06\/760x_13-06-2014_taller_SMA_en_Puerto_Montt.jpg\" alt=\"760x 13-06-2014 taller SMA en Puerto Montt\" width=\"760\" height=\"300\" srcset=\"https:\/\/portal.sma.gob.cl\/wp-content\/uploads\/2014\/06\/760x_13-06-2014_taller_SMA_en_Puerto_Montt-200x79.jpg 200w, https:\/\/portal.sma.gob.cl\/wp-content\/uploads\/2014\/06\/760x_13-06-2014_taller_SMA_en_Puerto_Montt-300x118.jpg 300w, https:\/\/portal.sma.gob.cl\/wp-content\/uploads\/2014\/06\/760x_13-06-2014_taller_SMA_en_Puerto_Montt-400x158.jpg 400w, https:\/\/portal.sma.gob.cl\/wp-content\/uploads\/2014\/06\/760x_13-06-2014_taller_SMA_en_Puerto_Montt-600x237.jpg 600w, https:\/\/portal.sma.gob.cl\/wp-content\/uploads\/2014\/06\/760x_13-06-2014_taller_SMA_en_Puerto_Montt.jpg 760w\" sizes=\"(max-width: 760px) 100vw, 760px\" \/><\/strong><\/p>\n<p style=\"text-align: justify;\"><strong>La \u00faltima jornada de capacitaci\u00f3n se llev\u00f3 a cabo en la ciudad de Puerto Montt. En total, se realizaron cursos con m\u00e1s de 200 profesionales de servicios p\u00fablicos entre Biob\u00edo y Magallanes.<\/strong><\/p>\n<p>  <!--more-->  <\/p>\n<p style=\"text-align: justify;\"><strong>Puerto Montt, 12 de junio de 2014<\/strong>. Cerca de 40 profesionales de diversos servicios p\u00fablicos concurrieron al Taller de Fiscalizaci\u00f3n Ambiental realizado por la Superintendencia del Medio Ambiente en la ciudad de Puerto Montt, en el auditorio de la ACHS.<\/p>\n<p style=\"text-align: justify;\">La actividad, fue encabezada por el Jefe de la Macrozona Sur, Eduardo Rodr\u00edguez Sep\u00falveda, y cont\u00f3 con la participaci\u00f3n del Seremi del Medio Ambiente de la Regi\u00f3n de Los Lagos, Jorge Pasminio; y del Director Regional del Servicio de Evaluaci\u00f3n Ambiental (S), Jaime Hausdof; adem\u00e1s de la presencia de profesionales de los organismos sectoriales que colaboran con la actividad de fiscalizaci\u00f3n, como la Seremi de Salud, MOP, Conaf, SAG, Sernapesca, Directemar, DGA, entre otros.<\/p>\n<p style=\"text-align: justify;\">Los encargados de los talleres t\u00e9cnicos del encuentro, fueron los funcionarios de la Divisi\u00f3n de Fiscalizaci\u00f3n Jos\u00e9 Moraga, Mauricio Benitez y Claudia Pastore. Estos expusieron temas como la planificaci\u00f3n de una inspecci\u00f3n ambiental, la realizaci\u00f3n del acta de fiscalizaci\u00f3n y temas relativos al seguimiento ambiental.<\/p>\n<p style=\"text-align: justify;\">Eduardo Rodriguez, Jefe de la Macro Zona Sur, agradeci\u00f3 la asistencia de tantos profesionales a esta jornada y sobre todo, lo activos que fueron al realizar muchas consultas y sugerencias. A la vez, explic\u00f3 que con Puerto Montt finalizaron los talleres ambientales de la Macro Zona Sur, que abarca desde la Regi\u00f3n del Biob\u00edo hasta la de Magallanes. En total, a estos asistieron unos 200 funcionarios de diversos servicios p\u00fablicos que colaboran con la SMA en su labor fiscalizadora.<\/p>\n<p style=\"text-align: justify;\">A la par, el jefe zonal indic\u00f3 que \u201cel objetivo de los talleres de cumpli\u00f3. Se explic\u00f3 la rector\u00eda t\u00e9cnica de la SMA, pero a la vez se discutieron las oportunidades de mejora que existen para la Superintendencia y los distintos servicios. En todas las reuniones se pudo mejorar la coordinaci\u00f3n, sumar experiencias con los distintos servicios y reforzar el trabajo mancomunado para mejorar la fiscalizaci\u00f3n ambiental en Chile\u201d.<\/p>\n","protected":false},"excerpt":{"rendered":"<p>La \u00faltima jornada de capacitaci\u00f3n se llev\u00f3 a cabo en la ciudad de Puerto Montt. En total, se realizaron cursos con m\u00e1s de 200 profesionales de servicios p\u00fablicos entre Biob\u00edo y Magallanes.<\/p>\n","protected":false},"author":3,"featured_media":15923,"comment_status":"open","ping_status":"open","sticky":false,"template":"","format":"standard","meta":{"footnotes":""},"categories":[94],"tags":[],"class_list":["post-15924","post","type-post","status-publish","format-standard","has-post-thumbnail","hentry","category-notas-noticias"],"_links":{"self":[{"href":"https:\/\/portal.sma.gob.cl\/index.php\/wp-json\/wp\/v2\/posts\/15924","targetHints":{"allow":["GET"]}}],"collection":[{"href":"https:\/\/portal.sma.gob.cl\/index.php\/wp-json\/wp\/v2\/posts"}],"about":[{"href":"https:\/\/portal.sma.gob.cl\/index.php\/wp-json\/wp\/v2\/types\/post"}],"author":[{"embeddable":true,"href":"https:\/\/portal.sma.gob.cl\/index.php\/wp-json\/wp\/v2\/users\/3"}],"replies":[{"embeddable":true,"href":"https:\/\/portal.sma.gob.cl\/index.php\/wp-json\/wp\/v2\/comments?post=15924"}],"version-history":[{"count":0,"href":"https:\/\/portal.sma.gob.cl\/index.php\/wp-json\/wp\/v2\/posts\/15924\/revisions"}],"wp:featuredmedia":[{"embeddable":true,"href":"https:\/\/portal.sma.gob.cl\/index.php\/wp-json\/wp\/v2\/media\/15923"}],"wp:attachment":[{"href":"https:\/\/portal.sma.gob.cl\/index.php\/wp-json\/wp\/v2\/media?parent=15924"}],"wp:term":[{"taxonomy":"category","embeddable":true,"href":"https:\/\/portal.sma.gob.cl\/index.php\/wp-json\/wp\/v2\/categories?post=15924"},{"taxonomy":"post_tag","embeddable":true,"href":"https:\/\/portal.sma.gob.cl\/index.php\/wp-json\/wp\/v2\/tags?post=15924"}],"curies":[{"name":"wp","href":"https:\/\/api.w.org\/{rel}","templated":true}]}}