{"id":15926,"date":"2014-06-20T16:03:30","date_gmt":"2014-06-20T16:03:30","guid":{"rendered":"https:\/\/portal.sma.gob.cl\/index.php\/2014\/06\/20\/finalizan-talleres-de-la-sma-en-la-macro-zona-centro\/"},"modified":"2014-06-20T16:03:30","modified_gmt":"2014-06-20T16:03:30","slug":"finalizan-talleres-de-la-sma-en-la-macro-zona-centro","status":"publish","type":"post","link":"https:\/\/portal.sma.gob.cl\/index.php\/finalizan-talleres-de-la-sma-en-la-macro-zona-centro\/","title":{"rendered":"Finalizan talleres de la SMA en la Macro Zona Centro"},"content":{"rendered":"<p style=\"text-align: justify;\"><strong><img decoding=\"async\" class=\"size-auto size-full wp-image-15925\" src=\"https:\/\/portal.sma.gob.cl\/wp-content\/uploads\/2014\/06\/760x-20-06-14.jpg\" alt=\"760x-20-06-14\" width=\"760\" height=\"300\" srcset=\"https:\/\/portal.sma.gob.cl\/wp-content\/uploads\/2014\/06\/760x-20-06-14-200x79.jpg 200w, https:\/\/portal.sma.gob.cl\/wp-content\/uploads\/2014\/06\/760x-20-06-14-300x118.jpg 300w, https:\/\/portal.sma.gob.cl\/wp-content\/uploads\/2014\/06\/760x-20-06-14-400x158.jpg 400w, https:\/\/portal.sma.gob.cl\/wp-content\/uploads\/2014\/06\/760x-20-06-14-600x237.jpg 600w, https:\/\/portal.sma.gob.cl\/wp-content\/uploads\/2014\/06\/760x-20-06-14.jpg 760w\" sizes=\"(max-width: 760px) 100vw, 760px\" \/><\/strong><\/p>\n<p style=\"text-align: justify;\"><strong>En Talca se llev\u00f3 a cabo la \u00faltima jornada de talleres de capacitaci\u00f3n, con la presencia de m\u00e1s de 40 profesionales de servicios p\u00fablicos.<\/strong><\/p>\n<p>  <!--more-->  <\/p>\n<p style=\"text-align: justify;\"><strong>Talca, 19 de junio de 2014<\/strong>. M\u00e1s de 40 profesionales de diversos servicios p\u00fablicos concurrieron al Taller de Fiscalizaci\u00f3n Ambiental realizado en la ciudad de Talca. Esta regi\u00f3n cerr\u00f3 los encuentros que se llevaron a cabo en la Macro Zona Centro de la SMA, que comprende entre las regiones de Coquimbo y El Maule. En total, participaron en estas capacitaciones cerca de 180 funcionarios.<\/p>\n<p style=\"text-align: justify;\">La actividad, encabezada por el Jefe de la Macro Zona Centro, Cristi\u00e1n Jorquera, fue realizada en la sala de conferencias de la Contralor\u00eda General de la Rep\u00fablica de la Regi\u00f3n del Maule, y cont\u00f3 con la participaci\u00f3n del director del SEA del Maule, Alejandro Christen; Rom\u00e1n Y\u00e1\u00f1ez, Director (S) de Sernapesca, adem\u00e1s de profesionales de los organismos sectoriales que colaboran con la actividad de fiscalizaci\u00f3n, como la Seremia de Medio Ambiente, Seremi de Salud, Seremi de Transportes y Telecomunicaciones, Conaf, SAG, Sernapesca, DGA, Superintendencia de Servicios Sanitarios; Direcci\u00f3n de Vialidad, entre otros.<\/p>\n<p style=\"text-align: justify;\">Los encargados de los talleres t\u00e9cnicos del encuentro, fueron los funcionarios de la Divisi\u00f3n de Fiscalizaci\u00f3n Alberto Rojas, Patricio Bustos. Estos expusieron temas como la planificaci\u00f3n de una inspecci\u00f3n ambiental, la realizaci\u00f3n del acta de fiscalizaci\u00f3n y temas relativos al seguimiento ambiental.<\/p>\n<p style=\"text-align: justify;\">Cristi\u00e1n Jorquera, Jefe de la Macro Zona Centro, agradeci\u00f3 la presencia y la gran colaboraci\u00f3n que ha existido por parte de los organismos sectoriales desde diciembre de 2012, cuando comenz\u00f3 la SMA sus labores de fiscalizaci\u00f3n y sanci\u00f3n.<\/p>\n<p style=\"text-align: justify;\">A la vez, indic\u00f3 que \u201cestos talleres han aportado a todos los organismos sectoriales en materia de fiscalizaci\u00f3n ambiental, reforzando y robusteciendo nuestras inspecciones. Nosotros como Superintendencia podemos explicar las metodolog\u00edas que estamos utilizando, que han sido auditadas por la Agencia de Protecci\u00f3n Ambiental de Estados Unidos (EPA), y a la vez, hemos aprendido de todos los servicios p\u00fablicos, recogiendo sus experiencias, planteando dudas, observaciones y oportunidades de mejora. Con estos aprendizajes continuos, iremos mejorando nuestros procedimientos cada d\u00eda m\u00e1s\u201d.<\/p>\n","protected":false},"excerpt":{"rendered":"<p>En Talca se llev\u00f3 a cabo la \u00faltima jornada de talleres de capacitaci\u00f3n, con la presencia de m\u00e1s de 40 profesionales de servicios p\u00fablicos.<\/p>\n","protected":false},"author":3,"featured_media":15925,"comment_status":"open","ping_status":"open","sticky":false,"template":"","format":"standard","meta":{"footnotes":""},"categories":[94],"tags":[],"class_list":["post-15926","post","type-post","status-publish","format-standard","has-post-thumbnail","hentry","category-notas-noticias"],"_links":{"self":[{"href":"https:\/\/portal.sma.gob.cl\/index.php\/wp-json\/wp\/v2\/posts\/15926","targetHints":{"allow":["GET"]}}],"collection":[{"href":"https:\/\/portal.sma.gob.cl\/index.php\/wp-json\/wp\/v2\/posts"}],"about":[{"href":"https:\/\/portal.sma.gob.cl\/index.php\/wp-json\/wp\/v2\/types\/post"}],"author":[{"embeddable":true,"href":"https:\/\/portal.sma.gob.cl\/index.php\/wp-json\/wp\/v2\/users\/3"}],"replies":[{"embeddable":true,"href":"https:\/\/portal.sma.gob.cl\/index.php\/wp-json\/wp\/v2\/comments?post=15926"}],"version-history":[{"count":0,"href":"https:\/\/portal.sma.gob.cl\/index.php\/wp-json\/wp\/v2\/posts\/15926\/revisions"}],"wp:featuredmedia":[{"embeddable":true,"href":"https:\/\/portal.sma.gob.cl\/index.php\/wp-json\/wp\/v2\/media\/15925"}],"wp:attachment":[{"href":"https:\/\/portal.sma.gob.cl\/index.php\/wp-json\/wp\/v2\/media?parent=15926"}],"wp:term":[{"taxonomy":"category","embeddable":true,"href":"https:\/\/portal.sma.gob.cl\/index.php\/wp-json\/wp\/v2\/categories?post=15926"},{"taxonomy":"post_tag","embeddable":true,"href":"https:\/\/portal.sma.gob.cl\/index.php\/wp-json\/wp\/v2\/tags?post=15926"}],"curies":[{"name":"wp","href":"https:\/\/api.w.org\/{rel}","templated":true}]}}