{"id":15928,"date":"2014-06-20T21:12:51","date_gmt":"2014-06-20T21:12:51","guid":{"rendered":"https:\/\/portal.sma.gob.cl\/index.php\/2014\/06\/20\/ministro-del-medio-ambiente-se-reune-con-funcionarios-y-autoridades-ambientales-de-la-region-de-los-rios\/"},"modified":"2014-06-20T21:12:51","modified_gmt":"2014-06-20T21:12:51","slug":"ministro-del-medio-ambiente-se-reune-con-funcionarios-y-autoridades-ambientales-de-la-region-de-los-rios","status":"publish","type":"post","link":"https:\/\/portal.sma.gob.cl\/index.php\/ministro-del-medio-ambiente-se-reune-con-funcionarios-y-autoridades-ambientales-de-la-region-de-los-rios\/","title":{"rendered":"Ministro del Medio Ambiente se re\u00fane con autoridades ambientales de la Regi\u00f3n de Los R\u00edos"},"content":{"rendered":"<p style=\"text-align: justify;\"><strong><img decoding=\"async\" class=\"size-auto size-full wp-image-15927\" src=\"https:\/\/portal.sma.gob.cl\/wp-content\/uploads\/2014\/06\/760x2-20-06-14.jpg\" alt=\"760x2-20-06-14\" width=\"760\" height=\"300\" srcset=\"https:\/\/portal.sma.gob.cl\/wp-content\/uploads\/2014\/06\/760x2-20-06-14-200x79.jpg 200w, https:\/\/portal.sma.gob.cl\/wp-content\/uploads\/2014\/06\/760x2-20-06-14-300x118.jpg 300w, https:\/\/portal.sma.gob.cl\/wp-content\/uploads\/2014\/06\/760x2-20-06-14-400x158.jpg 400w, https:\/\/portal.sma.gob.cl\/wp-content\/uploads\/2014\/06\/760x2-20-06-14-600x237.jpg 600w, https:\/\/portal.sma.gob.cl\/wp-content\/uploads\/2014\/06\/760x2-20-06-14.jpg 760w\" sizes=\"(max-width: 760px) 100vw, 760px\" \/><\/strong><\/p>\n<p style=\"text-align: justify;\"><strong>El titular del ramo, Pablo Badenier, de visita en Valdivia se reuni\u00f3 con profesionales de la institucionalidad ambiental.<\/strong><\/p>\n<p>  <!--more-->  <\/p>\n<p style=\"text-align: justify;\"><strong>Valdivia, 20 de junio de 2014<\/strong>. El Ministro del Medio Ambiente, Pablo Badenier, se reuni\u00f3 con funcionarios y autoridades de cada servicio que compone la institucionalidad ambiental en la Regi\u00f3n de Los R\u00edos.<\/p>\n<p style=\"text-align: justify;\">En la oportunidad, el titular de la cartera entreg\u00f3 un mensaje de unidad y coordinaci\u00f3n que debe existir entre los tres servicios: el Ministerio del Medio Ambiente, el Servicio de Evaluaci\u00f3n Ambiental y la Superintendencia del Medio Ambiente. Badenier puso \u00e9nfasis en el trabajo mancomunado, con el fin de alcanzar todos y cada uno de los objetivos que esta administraci\u00f3n se ha propuesto.<\/p>\n<p style=\"text-align: justify;\">Los funcionarios tuvieron la ocasi\u00f3n de plantear sus inquietudes, as\u00ed como tambi\u00e9n aportar, desde su experiencia en los desaf\u00edos programados.<\/p>\n<p style=\"text-align: justify;\">El Ministro comparti\u00f3 con la Directora Regional del SEA, Pamela Godoy; con la Seremi del Medio Ambiente, Carla Pe\u00f1a; y con Eduardo Rodriguez, jefe de la Macro Zona Sur de la Superintendencia del Medio Ambiente.<\/p>\n<p style=\"text-align: justify;\">El jefe zonal de la SMA, Eduardo Rodr\u00edguez, luego de la cita se\u00f1al\u00f3: \u201cLa presencia del Ministro de Medio Ambiente, reafirma el compromiso de la institucionalidad ambiental con la regi\u00f3n, adem\u00e1s es un gran est\u00edmulo para alcanzar los enormes desaf\u00edos que nos hemos propuesto en materia medio ambiental\u201d.<\/p>\n<p style=\"text-align: justify;\">Tras el encuentro, el ministro se despidi\u00f3 de cada uno de los funcionarios, inst\u00e1ndolos a seguir colaborando con el Gobierno para contribuir a que el pa\u00eds sea cada d\u00eda m\u00e1s sustentable.<\/p>\n","protected":false},"excerpt":{"rendered":"<p>El titular del ramo, Pablo Badenier, de visita en Valdivia se reuni\u00f3 con profesionales de la institucionalidad ambiental.<\/p>\n","protected":false},"author":3,"featured_media":15927,"comment_status":"open","ping_status":"open","sticky":false,"template":"","format":"standard","meta":{"footnotes":""},"categories":[94],"tags":[],"class_list":["post-15928","post","type-post","status-publish","format-standard","has-post-thumbnail","hentry","category-notas-noticias"],"_links":{"self":[{"href":"https:\/\/portal.sma.gob.cl\/index.php\/wp-json\/wp\/v2\/posts\/15928","targetHints":{"allow":["GET"]}}],"collection":[{"href":"https:\/\/portal.sma.gob.cl\/index.php\/wp-json\/wp\/v2\/posts"}],"about":[{"href":"https:\/\/portal.sma.gob.cl\/index.php\/wp-json\/wp\/v2\/types\/post"}],"author":[{"embeddable":true,"href":"https:\/\/portal.sma.gob.cl\/index.php\/wp-json\/wp\/v2\/users\/3"}],"replies":[{"embeddable":true,"href":"https:\/\/portal.sma.gob.cl\/index.php\/wp-json\/wp\/v2\/comments?post=15928"}],"version-history":[{"count":0,"href":"https:\/\/portal.sma.gob.cl\/index.php\/wp-json\/wp\/v2\/posts\/15928\/revisions"}],"wp:featuredmedia":[{"embeddable":true,"href":"https:\/\/portal.sma.gob.cl\/index.php\/wp-json\/wp\/v2\/media\/15927"}],"wp:attachment":[{"href":"https:\/\/portal.sma.gob.cl\/index.php\/wp-json\/wp\/v2\/media?parent=15928"}],"wp:term":[{"taxonomy":"category","embeddable":true,"href":"https:\/\/portal.sma.gob.cl\/index.php\/wp-json\/wp\/v2\/categories?post=15928"},{"taxonomy":"post_tag","embeddable":true,"href":"https:\/\/portal.sma.gob.cl\/index.php\/wp-json\/wp\/v2\/tags?post=15928"}],"curies":[{"name":"wp","href":"https:\/\/api.w.org\/{rel}","templated":true}]}}