{"id":15932,"date":"2014-06-26T14:38:23","date_gmt":"2014-06-26T14:38:23","guid":{"rendered":"https:\/\/portal.sma.gob.cl\/index.php\/2014\/06\/26\/en-iquique-sma-finaliza-talleres-de-fiscalizacion\/"},"modified":"2014-06-26T14:38:23","modified_gmt":"2014-06-26T14:38:23","slug":"en-iquique-sma-finaliza-talleres-de-fiscalizacion","status":"publish","type":"post","link":"https:\/\/portal.sma.gob.cl\/index.php\/en-iquique-sma-finaliza-talleres-de-fiscalizacion\/","title":{"rendered":"En Iquique SMA finaliza talleres de fiscalizaci\u00f3n"},"content":{"rendered":"<p style=\"text-align: justify;\"><strong><img decoding=\"async\" class=\"size-auto size-full wp-image-15931\" src=\"https:\/\/portal.sma.gob.cl\/wp-content\/uploads\/2014\/06\/760x_26-06-2014_SMA_imparte_taller_Iquique.jpg\" alt=\"760x 26-06-2014 SMA imparte taller Iquique\" width=\"760\" height=\"300\" srcset=\"https:\/\/portal.sma.gob.cl\/wp-content\/uploads\/2014\/06\/760x_26-06-2014_SMA_imparte_taller_Iquique-200x79.jpg 200w, https:\/\/portal.sma.gob.cl\/wp-content\/uploads\/2014\/06\/760x_26-06-2014_SMA_imparte_taller_Iquique-300x118.jpg 300w, https:\/\/portal.sma.gob.cl\/wp-content\/uploads\/2014\/06\/760x_26-06-2014_SMA_imparte_taller_Iquique-400x158.jpg 400w, https:\/\/portal.sma.gob.cl\/wp-content\/uploads\/2014\/06\/760x_26-06-2014_SMA_imparte_taller_Iquique-600x237.jpg 600w, https:\/\/portal.sma.gob.cl\/wp-content\/uploads\/2014\/06\/760x_26-06-2014_SMA_imparte_taller_Iquique.jpg 760w\" sizes=\"(max-width: 760px) 100vw, 760px\" \/><\/strong><\/p>\n<p style=\"text-align: justify;\"><strong>La Superintendencia del Medio Ambiente (SMA) imparti\u00f3 esta \u00faltima capacitaci\u00f3n a profesionales de organismos sectoriales, lo cual cierra el ciclo contemplado a nivel nacional.<\/strong><\/p>\n<p>  <!--more-->  <\/p>\n<p style=\"text-align: justify;\"><strong>Iquique, 25 de junio de 2014<\/strong>. En la ciudad de Iquique se cerr\u00f3 el ciclo de capacitaci\u00f3n en fiscalizaci\u00f3n ambiental realizado a lo largo de todo el pa\u00eds por la Superintendencia del Medio Ambiente (SMA). Dichas actividades buscaron reforzar los conocimientos en materia de fiscalizaci\u00f3n a profesionales de los quince servicios p\u00fablicos que colaboran con la Superintendencia, logrando abarcar a m\u00e1s de 500 funcionarios a nivel pa\u00eds.<\/p>\n<p style=\"text-align: justify;\">En esta oportunidad, el taller de fiscalizaci\u00f3n, que cerr\u00f3 tambi\u00e9n las actividades de la Macro Zona Norte, cont\u00f3 con la presencia del Seremi de Medio Ambiente de Tarapac\u00e1, Juan Carlos Liendo. En las oficinas de dicha Seremi se llev\u00f3 a cabo la actividad, en la que participaron m\u00e1s de veinte funcionarios de la Seremi de Salud, CONAF, Sernageomin, SAG, Sernapesca, Directemar, DGA, entre otros.<\/p>\n<p style=\"text-align: justify;\">Los profesionales de la Divisi\u00f3n de Fiscalizaci\u00f3n, Tamara Gonz\u00e1lez y Gloria Gallegos, lideraron la actividad, apuntando una serie de inquietudes manifestadas en el encuentro, como la definici\u00f3n de las competencias concretas de la SMA, los protocolos de fiscalizaci\u00f3n, la manera de redactar una correcta acta de inspecci\u00f3n, entre otros temas.<\/p>\n<p style=\"text-align: justify;\">\u201cLa SMA valora el trabajo de los organismos sectoriales y esta Macro Zona est\u00e1 a disposici\u00f3n para enfrentar los diversos desaf\u00edos que se presenten en la regi\u00f3n. Agradezco enormemente la asistencia y la activa participaci\u00f3n de todos los funcionarios que participaron de este taller. Estas instancias nos sirven para ir mejorando cada d\u00eda la manera en que hacemos fiscalizaci\u00f3n ambiental en Chile\u201d, dijo al cierre de la jornada Mar\u00eda Isabel Reinoso, Jefa de la Macro Zona Norte de la Superintendencia.<\/p>\n","protected":false},"excerpt":{"rendered":"<p>La Superintendencia del Medio Ambiente (SMA) imparti\u00f3 esta \u00faltima capacitaci\u00f3n a profesionales de organismos sectoriales, lo cual cierra el ciclo contemplado a nivel nacional.<\/p>\n","protected":false},"author":3,"featured_media":15931,"comment_status":"open","ping_status":"open","sticky":false,"template":"","format":"standard","meta":{"footnotes":""},"categories":[94],"tags":[],"class_list":["post-15932","post","type-post","status-publish","format-standard","has-post-thumbnail","hentry","category-notas-noticias"],"_links":{"self":[{"href":"https:\/\/portal.sma.gob.cl\/index.php\/wp-json\/wp\/v2\/posts\/15932","targetHints":{"allow":["GET"]}}],"collection":[{"href":"https:\/\/portal.sma.gob.cl\/index.php\/wp-json\/wp\/v2\/posts"}],"about":[{"href":"https:\/\/portal.sma.gob.cl\/index.php\/wp-json\/wp\/v2\/types\/post"}],"author":[{"embeddable":true,"href":"https:\/\/portal.sma.gob.cl\/index.php\/wp-json\/wp\/v2\/users\/3"}],"replies":[{"embeddable":true,"href":"https:\/\/portal.sma.gob.cl\/index.php\/wp-json\/wp\/v2\/comments?post=15932"}],"version-history":[{"count":0,"href":"https:\/\/portal.sma.gob.cl\/index.php\/wp-json\/wp\/v2\/posts\/15932\/revisions"}],"wp:featuredmedia":[{"embeddable":true,"href":"https:\/\/portal.sma.gob.cl\/index.php\/wp-json\/wp\/v2\/media\/15931"}],"wp:attachment":[{"href":"https:\/\/portal.sma.gob.cl\/index.php\/wp-json\/wp\/v2\/media?parent=15932"}],"wp:term":[{"taxonomy":"category","embeddable":true,"href":"https:\/\/portal.sma.gob.cl\/index.php\/wp-json\/wp\/v2\/categories?post=15932"},{"taxonomy":"post_tag","embeddable":true,"href":"https:\/\/portal.sma.gob.cl\/index.php\/wp-json\/wp\/v2\/tags?post=15932"}],"curies":[{"name":"wp","href":"https:\/\/api.w.org\/{rel}","templated":true}]}}