{"id":15940,"date":"2014-07-08T19:07:08","date_gmt":"2014-07-08T19:07:08","guid":{"rendered":"https:\/\/portal.sma.gob.cl\/index.php\/2014\/07\/08\/sma-participa-en-taller-para-la-fiscalizacion-ambiental-del-sector-acuicola\/"},"modified":"2014-07-08T19:07:08","modified_gmt":"2014-07-08T19:07:08","slug":"sma-participa-en-taller-para-la-fiscalizacion-ambiental-del-sector-acuicola","status":"publish","type":"post","link":"https:\/\/portal.sma.gob.cl\/index.php\/sma-participa-en-taller-para-la-fiscalizacion-ambiental-del-sector-acuicola\/","title":{"rendered":"SMA participa en taller para la fiscalizaci\u00f3n ambiental del sector acu\u00edcola"},"content":{"rendered":"<p style=\"text-align: justify;\"><strong><img decoding=\"async\" class=\"size-auto size-full wp-image-15939\" src=\"https:\/\/portal.sma.gob.cl\/wp-content\/uploads\/2014\/07\/760x-8-07-14.jpg\" alt=\"760x-8-07-14\" width=\"760\" height=\"300\" srcset=\"https:\/\/portal.sma.gob.cl\/wp-content\/uploads\/2014\/07\/760x-8-07-14-200x79.jpg 200w, https:\/\/portal.sma.gob.cl\/wp-content\/uploads\/2014\/07\/760x-8-07-14-300x118.jpg 300w, https:\/\/portal.sma.gob.cl\/wp-content\/uploads\/2014\/07\/760x-8-07-14-400x158.jpg 400w, https:\/\/portal.sma.gob.cl\/wp-content\/uploads\/2014\/07\/760x-8-07-14-600x237.jpg 600w, https:\/\/portal.sma.gob.cl\/wp-content\/uploads\/2014\/07\/760x-8-07-14.jpg 760w\" sizes=\"(max-width: 760px) 100vw, 760px\" \/><\/strong><\/p>\n<p style=\"text-align: justify;\"><strong>En Valpara\u00edso se llev\u00f3 a cabo la jornada de capacitaci\u00f3n coordinada por Sernapesca, en la que tambi\u00e9n participaron la Subsecretar\u00eda de Pesca, el Servicio de Evaluaci\u00f3n Ambiental y la SMA.<\/strong><\/p>\n<p>  <!--more-->  <\/p>\n<p style=\"text-align: justify;\"><strong>Valpara\u00edso, 7 de julio de 2014<\/strong>. M\u00e1s de 20 profesionales de diversos servicios p\u00fablicos participaron en el Taller de Coordinaci\u00f3n para la fiscalizaci\u00f3n ambiental del sector acu\u00edcola. La actividad, se llev\u00f3 a cabo en el Hotel Diego de Almagro de Valpara\u00edso, y en ella se discutieron diversos aspectos asociados a la fiscalizaci\u00f3n del sector.<\/p>\n<p style=\"text-align: justify;\">Por parte de la SMA, particip\u00f3 la Fiscal, Dominique Herv\u00e9; el jefe de la Macro Zona Sur, Eduardo Rodr\u00edguez; y profesionales de la Divisi\u00f3n de Fiscalizaci\u00f3n y Fiscal\u00eda. La actividad cont\u00f3 con la presencia de directivos y profesionales del Servicio Nacional de Pesca (SERNAPESCA), la Subsecretar\u00eda de Pesca (SUBPESCA) y el Servicio de Evaluaci\u00f3n Ambiental (SEA).<\/p>\n<p style=\"text-align: justify;\">El Taller const\u00f3 de m\u00f3dulos interactivos, donde se realizaron exposiciones como: \u201cEl proceso integral de fiscalizaci\u00f3n\u201d, presentado por Alicia Gallardo, subdirectora de acuicultura de Sernapesca; \u201cProgramas sanitarios espec\u00edficos\u201d, dictado por Elizabeth Mu\u00f1oz, abogada de Sernapesca; y \u201cEl sistema infraccional de la Ley de Pesca\u201d, explicado por Jessica Fuentes, abogada de Subpesca; entre otros.<\/p>\n<p style=\"text-align: justify;\">Por parte de la SMA, las exposiciones estuvieron a cargo de Osvaldo de la Fuente, de Fiscal\u00eda, como tambi\u00e9n de Hugo Ram\u00edrez, Oscar Leal e Iv\u00e1n Honorato, profesionales de la Divisi\u00f3n de Fiscalizaci\u00f3n. Todos ellos dieron detalles sobre c\u00f3mo se realizan los procesos de la SMA en torno a la constante vigilancia del cumplimiento de las normas dispuestas en las Resoluciones de Calificaci\u00f3n Ambiental (RCA) con que cuentan los proyectos del sector.<\/p>\n<p style=\"text-align: justify;\">Al final de la reuni\u00f3n se explic\u00f3 que se establecer\u00e1 un plan de trabajo para una adecuada coordinaci\u00f3n entre los distintos servicios del Estado, con el objetivo de realizar una fiscalizaci\u00f3n ambiental m\u00e1s eficiente y que permita a Chile contar con los m\u00e1s altos est\u00e1ndares en la materia.<\/p>\n","protected":false},"excerpt":{"rendered":"<p>En Valpara\u00edso se llev\u00f3 a cabo la jornada de capacitaci\u00f3n coordinada por Sernapesca, en la que tambi\u00e9n participaron la Subsecretar\u00eda de Pesca, el Servicio de Evaluaci\u00f3n Ambiental y la SMA.<\/p>\n","protected":false},"author":3,"featured_media":15939,"comment_status":"open","ping_status":"open","sticky":false,"template":"","format":"standard","meta":{"footnotes":""},"categories":[94],"tags":[],"class_list":["post-15940","post","type-post","status-publish","format-standard","has-post-thumbnail","hentry","category-notas-noticias"],"_links":{"self":[{"href":"https:\/\/portal.sma.gob.cl\/index.php\/wp-json\/wp\/v2\/posts\/15940","targetHints":{"allow":["GET"]}}],"collection":[{"href":"https:\/\/portal.sma.gob.cl\/index.php\/wp-json\/wp\/v2\/posts"}],"about":[{"href":"https:\/\/portal.sma.gob.cl\/index.php\/wp-json\/wp\/v2\/types\/post"}],"author":[{"embeddable":true,"href":"https:\/\/portal.sma.gob.cl\/index.php\/wp-json\/wp\/v2\/users\/3"}],"replies":[{"embeddable":true,"href":"https:\/\/portal.sma.gob.cl\/index.php\/wp-json\/wp\/v2\/comments?post=15940"}],"version-history":[{"count":0,"href":"https:\/\/portal.sma.gob.cl\/index.php\/wp-json\/wp\/v2\/posts\/15940\/revisions"}],"wp:featuredmedia":[{"embeddable":true,"href":"https:\/\/portal.sma.gob.cl\/index.php\/wp-json\/wp\/v2\/media\/15939"}],"wp:attachment":[{"href":"https:\/\/portal.sma.gob.cl\/index.php\/wp-json\/wp\/v2\/media?parent=15940"}],"wp:term":[{"taxonomy":"category","embeddable":true,"href":"https:\/\/portal.sma.gob.cl\/index.php\/wp-json\/wp\/v2\/categories?post=15940"},{"taxonomy":"post_tag","embeddable":true,"href":"https:\/\/portal.sma.gob.cl\/index.php\/wp-json\/wp\/v2\/tags?post=15940"}],"curies":[{"name":"wp","href":"https:\/\/api.w.org\/{rel}","templated":true}]}}