{"id":15942,"date":"2014-07-08T21:24:42","date_gmt":"2014-07-08T21:24:42","guid":{"rendered":"https:\/\/portal.sma.gob.cl\/index.php\/2014\/07\/08\/sma-formula-cargos-contra-empresa-de-aridos-madesal\/"},"modified":"2014-07-08T21:24:42","modified_gmt":"2014-07-08T21:24:42","slug":"sma-formula-cargos-contra-empresa-de-aridos-madesal","status":"publish","type":"post","link":"https:\/\/portal.sma.gob.cl\/index.php\/sma-formula-cargos-contra-empresa-de-aridos-madesal\/","title":{"rendered":"SMA formula cargos contra empresa de \u00c1ridos Madesal"},"content":{"rendered":"<p style=\"text-align: justify;\"><strong><img decoding=\"async\" class=\"size-auto size-full wp-image-15941\" src=\"https:\/\/portal.sma.gob.cl\/wp-content\/uploads\/2014\/07\/760x_08-07-2014_formulaci%C3%B3n_SMA_contra_%C3%81ridos_Madesal.jpg\" alt=\"760x 08-07-2014 formulaci\u00f3n SMA contra \u00c1ridos Madesal\" width=\"760\" height=\"300\" \/><\/strong><\/p>\n<p style=\"text-align: justify;\"><strong>La Superintendencia del Medio Ambiente (SMA), inici\u00f3 un procedimiento sancionatorio en contra de la empresa titular del proyecto \u201cExtracci\u00f3n y Procesamiento de \u00c1ridos Cantera Fundo Landa\u201d.<\/strong><\/p>\n<p>  <!--more-->  <\/p>\n<p style=\"text-align: justify;\">&nbsp;<\/p>\n<p style=\"text-align: justify;\"><strong>Santiago, 8 de julio de 2014<\/strong>. La Superintendencia del Medio Ambiente (SMA) formul\u00f3 cargos contra la empresa \u00c1ridos Madesal SpA., titular del proyecto &#8220;Extracci\u00f3n y Procesamiento de \u00c1ridos Cantera Fundo Landa&#8221;, ubicado en la regi\u00f3n del Biob\u00edo. Dicho proyecto no ha sido evaluado ambientalmente.<\/p>\n<p style=\"text-align: justify;\">La SMA recibi\u00f3 el pasado 4 de abril una denuncia de la Corporaci\u00f3n Nacional Forestal (Conaf) del Biob\u00edo, respecto de la extracci\u00f3n de \u00e1ridos por parte de la empresa sin contar con su necesaria Resoluci\u00f3n de Calificaci\u00f3n Ambiental (RCA). Conaf explic\u00f3 que las obras de \u00c1ridos Madesal SpA. afectan a una superficie aproximada de 2,4 hect\u00e1reas, de las cuales 1,1 hect\u00e1reas corresponden a bosque nativo. La denuncia agrega que existir\u00eda un impacto en cursos de aguas permanentes, a trav\u00e9s de la modificaci\u00f3n de sus cauces o eliminaci\u00f3n de vegetaci\u00f3n protectora.<\/p>\n<p style=\"text-align: justify;\">Con estos antecedentes, la Divisi\u00f3n de Sanci\u00f3n y Cumplimiento de la SMA, solicit\u00f3 realizar una visita en terreno a la Divisi\u00f3n de Fiscalizaci\u00f3n, en la cual se constat\u00f3 que el proyecto se encontraba en operaci\u00f3n, verificando la existencia de pilas de material procesado, planta de chancado, \u00e1reas de acopio de material y taller de mantenci\u00f3n de maquinaria.<\/p>\n<p style=\"text-align: justify;\">Luego de esta inspecci\u00f3n, se solicit\u00f3 al Superintendente del Medio Ambiente (PT), Cristi\u00e1n Franz, decretar la medida provisional de detenci\u00f3n de funcionamiento de instalaciones y realizar una inspecci\u00f3n visual de 7 pa\u00f1os de copihues que se encuentran en el \u00e1rea de explotaci\u00f3n del proyecto. Estas medidas fueron decretadas con fecha 17 de junio de 2014, con autorizaci\u00f3n del Tercer Tribunal Ambiental de Valdivia.<\/p>\n<p style=\"text-align: justify;\">En forma paralela, la SMA sigui\u00f3 realizando el proceso de investigaci\u00f3n y hoy formul\u00f3 cargos a Madesal por los siguientes hechos constitutivos de infracci\u00f3n:<\/p>\n<p style=\"text-align: justify;\">1. Ejecuci\u00f3n de proyecto de extracci\u00f3n y procesamiento de \u00e1ridos sin contar con Resoluci\u00f3n de Calificaci\u00f3n Ambiental (RCA).<\/p>\n<p style=\"text-align: justify;\">2. No dar cumplimiento a cabalidad de la medida provisional de plan de monitoreo de copihue solicitada por la SMA.<\/p>\n<p style=\"text-align: justify;\">La primera infracci\u00f3n fue catalogada por la SMA como grav\u00edsima y la segunda como leve. Cabe indicar que la Ley Org\u00e1nica de la Superintendencia establece que una infracci\u00f3n leve podr\u00e1 ser objeto de amonestaci\u00f3n o multa hasta 1.000 Unidades Tributarias Anuales (UTA). En tanto, una infracci\u00f3n grav\u00edsima puede resultar en la revocaci\u00f3n de una RCA, clausura, o multa de hasta 10.000 Unidades Tributarias Anuales (UTA).<\/p>\n<p style=\"text-align: justify;\">Cabe recordar, que la formulaci\u00f3n de cargos es el inicio de un procedimiento sancionatorio por parte de la SMA. En tanto, el infractor tendr\u00e1 10 d\u00edas de plazo para presentar un Programa de Cumplimiento o cuenta con 15 d\u00edas de plazo para formular descargos ante esta Superintendencia, tras lo cual contin\u00faa el proceso sancionatorio.<\/p>\n<p style=\"text-align: justify;\">Para mayores detalles, acceder a la formulaci\u00f3n de cargos en: <br \/><a href=\"http:\/\/snifa.sma.gob.cl\/RegistroPublico\/ProcesoSancion\/VerExpediente?expediente=F-056-2014\">http:\/\/snifa.sma.gob.cl\/RegistroPublico\/ProcesoSancion\/VerExpediente?expediente=F-056-2014<\/a><\/p>\n","protected":false},"excerpt":{"rendered":"<p>La Superintendencia del Medio Ambiente (SMA), inici\u00f3 un procedimiento sancionatorio en contra de la empresa titular del proyecto \u201cExtracci\u00f3n y Procesamiento de \u00c1ridos Cantera Fundo Landa\u201d.<\/p>\n","protected":false},"author":3,"featured_media":15941,"comment_status":"open","ping_status":"open","sticky":false,"template":"","format":"standard","meta":{"footnotes":""},"categories":[90],"tags":[],"class_list":["post-15942","post","type-post","status-publish","format-standard","has-post-thumbnail","hentry","category-comunicados-noticias"],"_links":{"self":[{"href":"https:\/\/portal.sma.gob.cl\/index.php\/wp-json\/wp\/v2\/posts\/15942","targetHints":{"allow":["GET"]}}],"collection":[{"href":"https:\/\/portal.sma.gob.cl\/index.php\/wp-json\/wp\/v2\/posts"}],"about":[{"href":"https:\/\/portal.sma.gob.cl\/index.php\/wp-json\/wp\/v2\/types\/post"}],"author":[{"embeddable":true,"href":"https:\/\/portal.sma.gob.cl\/index.php\/wp-json\/wp\/v2\/users\/3"}],"replies":[{"embeddable":true,"href":"https:\/\/portal.sma.gob.cl\/index.php\/wp-json\/wp\/v2\/comments?post=15942"}],"version-history":[{"count":0,"href":"https:\/\/portal.sma.gob.cl\/index.php\/wp-json\/wp\/v2\/posts\/15942\/revisions"}],"wp:featuredmedia":[{"embeddable":true,"href":"https:\/\/portal.sma.gob.cl\/index.php\/wp-json\/wp\/v2\/media\/15941"}],"wp:attachment":[{"href":"https:\/\/portal.sma.gob.cl\/index.php\/wp-json\/wp\/v2\/media?parent=15942"}],"wp:term":[{"taxonomy":"category","embeddable":true,"href":"https:\/\/portal.sma.gob.cl\/index.php\/wp-json\/wp\/v2\/categories?post=15942"},{"taxonomy":"post_tag","embeddable":true,"href":"https:\/\/portal.sma.gob.cl\/index.php\/wp-json\/wp\/v2\/tags?post=15942"}],"curies":[{"name":"wp","href":"https:\/\/api.w.org\/{rel}","templated":true}]}}