{"id":15944,"date":"2014-07-10T20:02:41","date_gmt":"2014-07-10T20:02:41","guid":{"rendered":"https:\/\/portal.sma.gob.cl\/index.php\/2014\/07\/10\/superintendente-se-reune-con-el-director-nacional-del-sernageomin\/"},"modified":"2014-07-10T20:02:41","modified_gmt":"2014-07-10T20:02:41","slug":"superintendente-se-reune-con-el-director-nacional-del-sernageomin","status":"publish","type":"post","link":"https:\/\/portal.sma.gob.cl\/index.php\/superintendente-se-reune-con-el-director-nacional-del-sernageomin\/","title":{"rendered":"Superintendente se re\u00fane con el Director Nacional del Sernageomin"},"content":{"rendered":"<p style=\"text-align: justify;\"><img decoding=\"async\" class=\"size-auto size-full wp-image-15943\" src=\"https:\/\/portal.sma.gob.cl\/wp-content\/uploads\/2014\/07\/760_x10-07-2014_Super_visita_laboratorios.jpg\" alt=\"760 x10-07-2014 Super visita laboratorios\" width=\"760\" height=\"300\" srcset=\"https:\/\/portal.sma.gob.cl\/wp-content\/uploads\/2014\/07\/760_x10-07-2014_Super_visita_laboratorios-200x79.jpg 200w, https:\/\/portal.sma.gob.cl\/wp-content\/uploads\/2014\/07\/760_x10-07-2014_Super_visita_laboratorios-300x118.jpg 300w, https:\/\/portal.sma.gob.cl\/wp-content\/uploads\/2014\/07\/760_x10-07-2014_Super_visita_laboratorios-400x158.jpg 400w, https:\/\/portal.sma.gob.cl\/wp-content\/uploads\/2014\/07\/760_x10-07-2014_Super_visita_laboratorios-600x237.jpg 600w, https:\/\/portal.sma.gob.cl\/wp-content\/uploads\/2014\/07\/760_x10-07-2014_Super_visita_laboratorios.jpg 760w\" sizes=\"(max-width: 760px) 100vw, 760px\" \/><\/p>\n<p style=\"text-align: justify;\"><strong>El Superintendente del Medio Ambiente (TP), Cristi\u00e1n Franz, visit\u00f3 los laboratorios del Servicio Nacional de Geolog\u00eda y Miner\u00eda, organismo con el que firmar\u00e1 un convenio de colaboraci\u00f3n.<\/strong><\/p>\n<p>  <!--more-->  <\/p>\n<p style=\"text-align: justify;\"><strong>Santiago, 10 de julio de 2014<\/strong>. El Superintendente del Medio Ambiente (TP), Cristi\u00e1n Franz, se reuni\u00f3 esta ma\u00f1ana con el Director del Servicio Nacional de Geolog\u00eda y Miner\u00eda (Sernageomin) (TP), Rodrigo \u00c1lvarez, en dependencias de los laboratorios de este \u00faltimo organismo, en la comuna de \u00d1u\u00f1oa.<\/p>\n<p style=\"text-align: justify;\">El objetivo del encuentro fue definir lineamientos para concretar un Convenio de Colaboraci\u00f3n, con el fin de que ambas instituciones realicen labores en conjunto tendientes a optimizar el an\u00e1lisis y resultados de las muestras de aguas, suelos y sedimentos, dentro del contexto de fiscalizaci\u00f3n de los instrumentos de gesti\u00f3n ambiental.<\/p>\n<p style=\"text-align: justify;\">\u201cNosotros necesitamos contar con medios de pruebas s\u00f3lidos y objetivos, que nos respalden para defender las decisiones sancionatorias que decrete la Superintendencia, frente a incumplimientos de determinados proyectos. Y en este sentido, dado que los laboratorios del Sernageomin est\u00e1n a la vanguardia, pueden constituir un respaldo efectivo para nuestras necesidades de resultados anal\u00edticos trazables y comparables\u201d, sostuvo en la ocasi\u00f3n el Superintendente.<\/p>\n<p style=\"text-align: justify;\"><strong>Recorrido por los laboratorios<\/strong><\/p>\n<p style=\"text-align: justify;\">Tras la reuni\u00f3n, el jefe m\u00e1ximo de la SMA recorri\u00f3 los laboratorios y pudo apreciar en terreno los modernos instrumentos anal\u00edticos que posee Sernageomin para obtener resultados de muestras provenientes de distintos proyectos fiscalizados.<\/p>\n<p style=\"text-align: justify;\">Estos laboratorios realizan an\u00e1lisis qu\u00edmicos de muestra de agua, rocas y sedimentos, adem\u00e1s de contar con capacidad para realizar an\u00e1lisis mineral\u00f3gicos de alta calidad, utilizando refractometr\u00eda de rayos X, entre otras t\u00e9cnicas de frontera.<\/p>\n","protected":false},"excerpt":{"rendered":"<p>El Superintendente del Medio Ambiente (TP), Cristi\u00e1n Franz, visit\u00f3 los laboratorios del Servicio Nacional de Geolog\u00eda y Miner\u00eda, organismo con el que firmar\u00e1 un convenio de colaboraci\u00f3n.<\/p>\n","protected":false},"author":3,"featured_media":15943,"comment_status":"open","ping_status":"open","sticky":false,"template":"","format":"standard","meta":{"footnotes":""},"categories":[94],"tags":[],"class_list":["post-15944","post","type-post","status-publish","format-standard","has-post-thumbnail","hentry","category-notas-noticias"],"_links":{"self":[{"href":"https:\/\/portal.sma.gob.cl\/index.php\/wp-json\/wp\/v2\/posts\/15944","targetHints":{"allow":["GET"]}}],"collection":[{"href":"https:\/\/portal.sma.gob.cl\/index.php\/wp-json\/wp\/v2\/posts"}],"about":[{"href":"https:\/\/portal.sma.gob.cl\/index.php\/wp-json\/wp\/v2\/types\/post"}],"author":[{"embeddable":true,"href":"https:\/\/portal.sma.gob.cl\/index.php\/wp-json\/wp\/v2\/users\/3"}],"replies":[{"embeddable":true,"href":"https:\/\/portal.sma.gob.cl\/index.php\/wp-json\/wp\/v2\/comments?post=15944"}],"version-history":[{"count":0,"href":"https:\/\/portal.sma.gob.cl\/index.php\/wp-json\/wp\/v2\/posts\/15944\/revisions"}],"wp:featuredmedia":[{"embeddable":true,"href":"https:\/\/portal.sma.gob.cl\/index.php\/wp-json\/wp\/v2\/media\/15943"}],"wp:attachment":[{"href":"https:\/\/portal.sma.gob.cl\/index.php\/wp-json\/wp\/v2\/media?parent=15944"}],"wp:term":[{"taxonomy":"category","embeddable":true,"href":"https:\/\/portal.sma.gob.cl\/index.php\/wp-json\/wp\/v2\/categories?post=15944"},{"taxonomy":"post_tag","embeddable":true,"href":"https:\/\/portal.sma.gob.cl\/index.php\/wp-json\/wp\/v2\/tags?post=15944"}],"curies":[{"name":"wp","href":"https:\/\/api.w.org\/{rel}","templated":true}]}}