{"id":15946,"date":"2014-07-11T14:59:39","date_gmt":"2014-07-11T14:59:39","guid":{"rendered":"https:\/\/portal.sma.gob.cl\/index.php\/2014\/07\/11\/sma-firma-convenio-de-colaboracion-con-servicio-aerofotogrametrico-de-la-fach\/"},"modified":"2014-07-11T14:59:39","modified_gmt":"2014-07-11T14:59:39","slug":"sma-firma-convenio-de-colaboracion-con-servicio-aerofotogrametrico-de-la-fach","status":"publish","type":"post","link":"https:\/\/portal.sma.gob.cl\/index.php\/sma-firma-convenio-de-colaboracion-con-servicio-aerofotogrametrico-de-la-fach\/","title":{"rendered":"SMA firma convenio de colaboraci\u00f3n con Servicio Aerofotogram\u00e9trico de la FACH"},"content":{"rendered":"<p style=\"text-align: justify;\"><img decoding=\"async\" class=\"size-auto size-full wp-image-15945\" src=\"https:\/\/portal.sma.gob.cl\/wp-content\/uploads\/2014\/07\/760x_10-07-2014_S%C3%BAper_firma_un_convenio_con_FACH.jpg\" alt=\"760x 10-07-2014 S\u00faper firma un convenio con FACH\" width=\"760\" height=\"300\" \/><\/p>\n<p style=\"text-align: justify;\"><strong style=\"line-height: 1.3em;\">El Superintendente (PT) Cristi\u00e1n Franz, junto al Director Comandante del SAF, V\u00edctor Cerda, sellaron un acuerdo de trabajo colaborativo entre ambas instituciones.<\/strong><\/p>\n<p>  <!--more-->  <\/p>\n<p style=\"text-align: justify;\"><strong>Santiago, 11 de julio de 2014<\/strong>. Con el objetivo de compartir informaci\u00f3n espacial para la fiscalizaci\u00f3n ambiental, el Superintendente del Medio Ambiente (TP), Cristi\u00e1n Franz, firm\u00f3 un convenio de colaboraci\u00f3n con el Director Comandante del Grupo (A) del Servicio Aerofotogram\u00e9trico (SAF) de la Fuerza A\u00e9rea de Chile (FACH), V\u00edctor Cerda.<\/p>\n<p style=\"text-align: justify;\">El acuerdo entre ambas instituciones se concret\u00f3 ayer en el Club de Oficiales de la FACH, en Santiago. Dicho convenio incluye el desarrollo de proyectos de investigaci\u00f3n aplicada en forma conjunta; actividades de planificaci\u00f3n, ejecuci\u00f3n y evaluaci\u00f3n en el \u00e1mbito de informaci\u00f3n y datos espaciales para el seguimiento y fiscalizaci\u00f3n ambiental. A la vez, ambas entidades trabajar\u00e1n en el desarrollo de aplicaciones tecnol\u00f3gicas y de innovaci\u00f3n relacionada con los estudios ambientales.<\/p>\n<p style=\"text-align: justify;\">Entre los puntos m\u00e1s destacados del acuerdo, destaca que la SMA y el SAF compartir\u00e1n informaci\u00f3n espacial en Teledetecci\u00f3n y Sistemas de Informaci\u00f3n Geogr\u00e1fica para la fiscalizaci\u00f3n de actividades humanas y evaluaci\u00f3n de da\u00f1o ambiental. Tambi\u00e9n se organizar\u00e1n en conjunto eventos t\u00e9cnicos, cursos de perfeccionamiento, seminarios o simposios que permitan divulgar el uso y conocimiento de tecnolog\u00edas asociadas a las geom\u00e1tica.<\/p>\n<p style=\"text-align: justify;\">\u201cCon este convenio mejoraremos el est\u00e1ndar de fiscalizaci\u00f3n ambiental, con la incorporaci\u00f3n del uso de nuevas tecnolog\u00edas, basadas en herramientas que nos facilitar\u00e1 la FACH. A su vez, nosotros nos coordinaremos para reforzar y tener un mejor registro de los proyectos que la SMA debe fiscalizar en el marco de sus atribuciones\u201d, explic\u00f3 el Superintendente, Cristi\u00e1n Franz, quien a\u00f1adi\u00f3 que el convenio dura dos a\u00f1os y podr\u00e1 prorrogarse autom\u00e1ticamente y en forma sucesiva por igual periodo.<\/p>\n<p style=\"text-align: justify;\">El Director del SAF, por su parte, el Comandante de la FACH, V\u00edctor Cerda, valor\u00f3 la concreci\u00f3n del convenio. \u201cEl objetivo es contribuir en investigaciones en conjunto, en el procesamiento datos espaciales para la fiscalizaci\u00f3n ambiental, con el apoyo de im\u00e1genes satelitales, del sat\u00e9lite chileno FASat-Charlie (\u2026) Es por esto que nosotros queremos hacer un aporte a lo que significa el medio ambiente, un \u00e1rea que es fundamental, debido a que, actualmente, todo desarrollo debe evaluarse medioambientalmente\u201d, se\u00f1al\u00f3.<\/p>\n","protected":false},"excerpt":{"rendered":"<p>El Superintendente (PT) Cristi\u00e1n Franz, junto al Director Comandante del SAF, V\u00edctor Cerda, sellaron un acuerdo de trabajo colaborativo entre ambas instituciones.<\/p>\n","protected":false},"author":3,"featured_media":15945,"comment_status":"open","ping_status":"open","sticky":false,"template":"","format":"standard","meta":{"footnotes":""},"categories":[94],"tags":[],"class_list":["post-15946","post","type-post","status-publish","format-standard","has-post-thumbnail","hentry","category-notas-noticias"],"_links":{"self":[{"href":"https:\/\/portal.sma.gob.cl\/index.php\/wp-json\/wp\/v2\/posts\/15946","targetHints":{"allow":["GET"]}}],"collection":[{"href":"https:\/\/portal.sma.gob.cl\/index.php\/wp-json\/wp\/v2\/posts"}],"about":[{"href":"https:\/\/portal.sma.gob.cl\/index.php\/wp-json\/wp\/v2\/types\/post"}],"author":[{"embeddable":true,"href":"https:\/\/portal.sma.gob.cl\/index.php\/wp-json\/wp\/v2\/users\/3"}],"replies":[{"embeddable":true,"href":"https:\/\/portal.sma.gob.cl\/index.php\/wp-json\/wp\/v2\/comments?post=15946"}],"version-history":[{"count":0,"href":"https:\/\/portal.sma.gob.cl\/index.php\/wp-json\/wp\/v2\/posts\/15946\/revisions"}],"wp:featuredmedia":[{"embeddable":true,"href":"https:\/\/portal.sma.gob.cl\/index.php\/wp-json\/wp\/v2\/media\/15945"}],"wp:attachment":[{"href":"https:\/\/portal.sma.gob.cl\/index.php\/wp-json\/wp\/v2\/media?parent=15946"}],"wp:term":[{"taxonomy":"category","embeddable":true,"href":"https:\/\/portal.sma.gob.cl\/index.php\/wp-json\/wp\/v2\/categories?post=15946"},{"taxonomy":"post_tag","embeddable":true,"href":"https:\/\/portal.sma.gob.cl\/index.php\/wp-json\/wp\/v2\/tags?post=15946"}],"curies":[{"name":"wp","href":"https:\/\/api.w.org\/{rel}","templated":true}]}}